{"id":1028,"date":"2020-10-31T22:26:00","date_gmt":"2020-10-31T21:26:00","guid":{"rendered":"https:\/\/jarnac-champagne.fr\/\/\/?p=1028"},"modified":"2020-10-31T23:02:50","modified_gmt":"2020-10-31T22:02:50","slug":"rentree-des-eleves-le-02-11","status":"publish","type":"post","link":"https:\/\/jarnac-champagne.fr\/index.php\/2020\/10\/31\/rentree-des-eleves-le-02-11\/","title":{"rendered":"Rentr\u00e9e des \u00e9l\u00e8ves le 02.11"},"content":{"rendered":"\n<h2 class=\"wp-block-heading\"><strong><span class=\"has-inline-color has-vivid-red-color\">MESSAGE DU SIVOS<\/span><\/strong><\/h2>\n\n\n\n<p>Le retour des \u00e9l\u00e8ves de la maternelle au CM2 se fera aux <strong>horaires habituels aussi bien pour le transport que pour l&rsquo;entr\u00e9e en classe.<\/strong><\/p>\n\n\n\n<p>Le nouveau protocole sanitaire repose sur 4 grands principes :<\/p>\n\n\n\n<ul class=\"wp-block-list\"><li><strong>Respect des gestes barri\u00e8re<\/strong><\/li><li><strong>Port du masque pour les adultes et les \u00e9l\u00e8ves d\u00e8s le CP<\/strong><\/li><li><strong>Hygi\u00e8ne des mains<\/strong><\/li><li><strong>Nettoyage et a\u00e9ration des locaux<\/strong><\/li><li><strong>Limitation du brassage<\/strong><\/li><\/ul>\n\n\n\n<p>Vous trouverez ci-dessous le protocole dans son int\u00e9gralit\u00e9. En voici les grandes lignes. <\/p>\n\n\n\n<p>Le SIVOS en profite pour souhaiter une excellente reprise aux \u00e9l\u00e8ves, enseignants et \u00e0 tout le personnel. Sachez que nous restons \u00e0 votre disposition pour toute question relative au fonctionnement que ce soit pour la cantine ou le transport.<\/p>\n\n\n\n<p><strong>Les parents d\u2019\u00e9l\u00e8ves jouent un r\u00f4le essentiel<\/strong>. Ils s\u2019engagent \u00e0 ne pas mettre leurs enfants \u00e0 l\u2019\u00e9cole, en cas de fi\u00e8vre (38 \u00b0C ou plus) ou en cas d\u2019apparition de sympt\u00f4mes \u00e9voquant la Covid-19 chez l\u2019\u00e9l\u00e8ve ou dans sa famille. Les personnels doivent s\u2019appliquer les m\u00eames r\u00e8gles. <\/p>\n\n\n\n<p><strong><span class=\"has-inline-color has-luminous-vivid-orange-color\">Le port du masque est OBLIGATOIRE d\u00e8s 6 ans<\/span><\/strong> dans les espaces clos ainsi que dans les espaces ext\u00e9rieurs <strong><span class=\"has-inline-color has-vivid-red-color\">y compris lors du trajet dans le bus.<\/span><\/strong><\/p>\n\n\n\n<p>Il appartient aux parents de fournir des masques \u00e0 leurs enfants.<\/p>\n\n\n\n<p><em><span class=\"has-inline-color has-pale-pink-color\">Respect des gestes barri\u00e8res :<\/span><\/em><\/p>\n\n\n\n<div class=\"wp-block-image\"><figure class=\"aligncenter size-medium\"><img loading=\"lazy\" decoding=\"async\" width=\"300\" height=\"214\" src=\"https:\/\/jarnac-champagne.fr\/\/\/wp-content\/uploads\/2020\/10\/Gestes_Barrieres_Bandeau-300x214.jpg\" alt=\"\" class=\"wp-image-1029\" srcset=\"https:\/\/jarnac-champagne.fr\/wp-content\/uploads\/2020\/10\/Gestes_Barrieres_Bandeau-300x214.jpg 300w, https:\/\/jarnac-champagne.fr\/wp-content\/uploads\/2020\/10\/Gestes_Barrieres_Bandeau-1024x730.jpg 1024w, https:\/\/jarnac-champagne.fr\/wp-content\/uploads\/2020\/10\/Gestes_Barrieres_Bandeau-768x547.jpg 768w, https:\/\/jarnac-champagne.fr\/wp-content\/uploads\/2020\/10\/Gestes_Barrieres_Bandeau.jpg 1135w\" sizes=\"auto, (max-width: 300px) 100vw, 300px\" \/><\/figure><\/div>\n\n\n\n<p><strong><span class=\"has-inline-color has-pale-pink-color\"><em>Lavage des mains :<\/em><\/span><\/strong><\/p>\n\n\n\n<p>Le lavage des mains doit \u00eatre r\u00e9alis\u00e9, a minima :<br>o \u00e0 l\u2019arriv\u00e9e dans l\u2019\u00e9cole ou l\u2019\u00e9tablissement ;<br>o avant et apr\u00e8s chaque repas ;<br>o avant et apr\u00e8s les r\u00e9cr\u00e9ations ;<br>o apr\u00e8s \u00eatre all\u00e9 aux toilettes ;<br>o le soir avant de rentrer chez soi ou d\u00e8s l\u2019arriv\u00e9e au domicile.<\/p>\n\n\n\n<p><strong><em><span class=\"has-inline-color has-pale-pink-color\">La ventilation des classes et autres locaux :<\/span><\/em><\/strong><\/p>\n\n\n\n<p>L\u2019a\u00e9ration des locaux est la plus fr\u00e9quente possible et dure au moins 15 minutes \u00e0 chaque fois. Les salles de classe ainsi que tous les autres locaux occup\u00e9s pendant la journ\u00e9e sont a\u00e9r\u00e9s le matin avant l\u2019arriv\u00e9e des \u00e9l\u00e8ves, pendant les intercours, pendant chaque r\u00e9cr\u00e9ation, au moment du d\u00e9jeuner (en l\u2019absence de personnes) et pendant le nettoyage des locaux. Cette a\u00e9ration doit avoir lieu au minimum toutes les 2 heures.<\/p>\n\n\n\n<p><strong><span class=\"has-inline-color has-pale-pink-color\"><em>La limitation du brassage des \u00e9l\u00e8ves :<\/em><\/span><\/strong><\/p>\n\n\n\n<p>4 points m\u00e9ritent une attention particuli\u00e8re.<\/p>\n\n\n\n<p><strong><span class=\"has-inline-color has-vivid-cyan-blue-color\">L\u2019arriv\u00e9e et le d\u00e9part des \u00e9l\u00e8ves dans l\u2019\u00e9tablissement. <\/span><\/strong><\/p>\n\n\n\n<p>2 entr\u00e9es \u00e0 l&rsquo;\u00e9cole de Jarnac-Champagne :<\/p>\n\n\n\n<p><strong>Entr\u00e9e \u00e9cole maternelle : Classes PS-MS (Mme H\u00e9bert) et CP-CE1 (Mme Farge).<\/strong><\/p>\n\n\n\n<p><strong>Entr\u00e9e \u00e9cole \u00e9l\u00e9mentaire : Classes CE1-CE2 (Mme Hibelot) et CM1-CM2 (Mme Sudour).<\/strong><\/p>\n\n\n\n<p><strong>Un sens de circulation mat\u00e9rialis\u00e9 par les barri\u00e8res.<\/strong><\/p>\n\n\n\n<p><strong><span class=\"has-inline-color has-vivid-cyan-blue-color\">La circulation des \u00e9l\u00e8ves dans les b\u00e2timents.<\/span><\/strong> <\/p>\n\n\n\n<p>Les d\u00e9placements doivent \u00eatre limit\u00e9s, organis\u00e9s et encadr\u00e9s. Pr\u00e9sence de scotch au sol pour mat\u00e9rialiser la distanciation physique d&rsquo;au moins 1m.<\/p>\n\n\n\n<p><strong><span class=\"has-inline-color has-vivid-cyan-blue-color\">Les r\u00e9cr\u00e9ations <\/span><\/strong>sont organis\u00e9es par groupes d&rsquo;une m\u00eame classe.<\/p>\n\n\n\n<p><strong><span class=\"has-inline-color has-vivid-cyan-blue-color\">La restauration scolaire<\/span><\/strong> . Les \u00e9l\u00e8ves d\u2019une m\u00eame classe ou d&rsquo;un m\u00eame niveau d\u00e9jeune ensemble et, dans la mesure du possible, toujours \u00e0 la m\u00eame table. Une distance d\u2019au moins un m\u00e8tre est respect\u00e9e entre les tables de chaque groupe.<\/p>\n\n\n\n<p><span class=\"has-inline-color has-pale-pink-color\"><em><strong>Le nettoyage et la d\u00e9sinfection des locaux et mat\u00e9riels<\/strong> :<\/em><\/span><\/p>\n\n\n\n<p>Un nettoyage des sols et des grandes surfaces (tables, bureaux) est r\u00e9alis\u00e9 au minimum une fois par jour.<\/p>\n\n\n\n<p>Un nettoyage d\u00e9sinfectant des surfaces les plus fr\u00e9quemment touch\u00e9es par les \u00e9l\u00e8ves et personnels dans les salles, ateliers et autres espaces communs (comme les poign\u00e9es de portes) est r\u00e9alis\u00e9 plusieurs fois par jour.<\/p>\n\n\n\n<p>Les tables du r\u00e9fectoire sont nettoy\u00e9es et d\u00e9sinfect\u00e9es apr\u00e8s chaque service.<\/p>\n\n\n\n<p>L\u2019acc\u00e8s aux jeux, aux bancs et espaces collectifs ext\u00e9rieurs est autoris\u00e9 si un nettoyage quotidien est assur\u00e9 (ou apr\u00e8s une p\u00e9riode sans utilisation d\u2019environ 12 heures).<\/p>\n\n\n\n<p>La mise \u00e0 disposition d\u2019objets partag\u00e9s au sein d\u2019une m\u00eame classe ou d\u2019un m\u00eame groupe constitu\u00e9 (ballons, jouets, livres, jeux, journaux, d\u00e9pliants r\u00e9utilisables, crayons, etc.) est permise \u00e0 l\u2019int\u00e9rieur des locaux lorsque qu\u2019une d\u00e9sinfection au minimum quotidienne est assur\u00e9e (ou que les objets sont isol\u00e9s 24 h avant r\u00e9utilisation).<\/p>\n\n\n<a href=\"https:\/\/jarnac-champagne.fr\/\/\/wp-content\/uploads\/2020\/10\/Protocole_SanitaireV4.pdf\" class=\"pdfemb-viewer\" style=\"\" data-width=\"max\" data-height=\"max\" data-toolbar=\"bottom\" data-toolbar-fixed=\"off\">Protocole_SanitaireV4<\/a>\n<p class=\"wp-block-pdfemb-pdf-embedder-viewer\"><\/p>\n\n\n\n<p><strong>Attention, pensez \u00e0 cliquer sur les petites fl\u00e8ches en bas du document pour passer \u00e0 la page suivante.<\/strong><\/p>\n","protected":false},"excerpt":{"rendered":"<p>MESSAGE DU SIVOS Le retour des \u00e9l\u00e8ves de la maternelle au CM2 se fera aux horaires habituels aussi bien pour<\/p>\n","protected":false},"author":1,"featured_media":103,"comment_status":"open","ping_status":"open","sticky":false,"template":"","format":"standard","meta":{"colormag_page_container_layout":"default_layout","colormag_page_sidebar_layout":"default_layout","footnotes":""},"categories":[5],"tags":[],"class_list":["post-1028","post","type-post","status-publish","format-standard","has-post-thumbnail","hentry","category-infos-ecole"],"_links":{"self":[{"href":"https:\/\/jarnac-champagne.fr\/index.php\/wp-json\/wp\/v2\/posts\/1028","targetHints":{"allow":["GET"]}}],"collection":[{"href":"https:\/\/jarnac-champagne.fr\/index.php\/wp-json\/wp\/v2\/posts"}],"about":[{"href":"https:\/\/jarnac-champagne.fr\/index.php\/wp-json\/wp\/v2\/types\/post"}],"author":[{"embeddable":true,"href":"https:\/\/jarnac-champagne.fr\/index.php\/wp-json\/wp\/v2\/users\/1"}],"replies":[{"embeddable":true,"href":"https:\/\/jarnac-champagne.fr\/index.php\/wp-json\/wp\/v2\/comments?post=1028"}],"version-history":[{"count":7,"href":"https:\/\/jarnac-champagne.fr\/index.php\/wp-json\/wp\/v2\/posts\/1028\/revisions"}],"predecessor-version":[{"id":1037,"href":"https:\/\/jarnac-champagne.fr\/index.php\/wp-json\/wp\/v2\/posts\/1028\/revisions\/1037"}],"wp:featuredmedia":[{"embeddable":true,"href":"https:\/\/jarnac-champagne.fr\/index.php\/wp-json\/wp\/v2\/media\/103"}],"wp:attachment":[{"href":"https:\/\/jarnac-champagne.fr\/index.php\/wp-json\/wp\/v2\/media?parent=1028"}],"wp:term":[{"taxonomy":"category","embeddable":true,"href":"https:\/\/jarnac-champagne.fr\/index.php\/wp-json\/wp\/v2\/categories?post=1028"},{"taxonomy":"post_tag","embeddable":true,"href":"https:\/\/jarnac-champagne.fr\/index.php\/wp-json\/wp\/v2\/tags?post=1028"}],"curies":[{"name":"wp","href":"https:\/\/api.w.org\/{rel}","templated":true}]}}