{"id":1061,"date":"2020-11-04T17:42:25","date_gmt":"2020-11-04T16:42:25","guid":{"rendered":"https:\/\/jarnac-champagne.fr\/\/\/?p=1061"},"modified":"2020-11-04T17:42:27","modified_gmt":"2020-11-04T16:42:27","slug":"recensement-des-jeunes","status":"publish","type":"post","link":"https:\/\/jarnac-champagne.fr\/index.php\/2020\/11\/04\/recensement-des-jeunes\/","title":{"rendered":"Recensement des jeunes"},"content":{"rendered":"\n<p><strong>il est indispensable lors du recensement que les jeunes fournissent des coordonn\u00e9es valides (mail + t\u00e9l)<\/strong> afin de les contacter en cas de report ou d\u2019annulation de JDC, et leurs \u00e9viter ainsi un d\u00e9placement inutile et potentiellement co\u00fbteux.<\/p>\n\n\n\n<p>Voici l&rsquo;espace d\u00e9di\u00e9 aux jeunes : <a href=\"https:\/\/presaje.sga.defense.gouv.fr\/\">https:\/\/presaje.sga.defense.gouv.fr\/<\/a><\/p>\n\n\n\n<p>Cet espace vise \u00e0 offrir aux jeunes Fran\u00e7ais, filles et gar\u00e7ons \u00e2g\u00e9s de 16 \u00e0 25 ans, concern\u00e9s par la Journ\u00e9e d\u00e9fense et citoyennet\u00e9 (JDC), un ensemble de services d\u00e9mat\u00e9rialis\u00e9s permettant d\u2019effectuer en ligne toutes les d\u00e9marches en lien avec l\u2019organisation de cette journ\u00e9e :<\/p>\n\n\n\n<p>&#8211;&nbsp; &nbsp; &nbsp; D\u00e9couvrir ce qu\u2019est la JDC ;<\/p>\n\n\n\n<p>&#8211;&nbsp; &nbsp; &nbsp; Dialoguer avec son centre du service national ;<\/p>\n\n\n\n<p>&#8211;&nbsp; &nbsp; &nbsp; T\u00e9l\u00e9charger sa convocation ;<\/p>\n\n\n\n<p>&#8211;&nbsp; &nbsp; &nbsp; Changer la date de la JDC lorsque celle-ci ne convient pas ;<\/p>\n\n\n\n<p>&#8211;&nbsp; &nbsp; &nbsp; Demander une exemption ;<\/p>\n\n\n\n<p>&#8211;&nbsp; &nbsp; &nbsp; \u00catre guid\u00e9 jusqu\u2019au site de convocation via un syst\u00e8me de g\u00e9olocalisation ;<\/p>\n\n\n\n<p>&#8211;\u00a0 \u00a0 \u00a0 T\u00e9l\u00e9charger l\u2019attestation de participation \u00e0 l\u2019issue de la JDC.<\/p>\n\n\n\n<p>Cet acc\u00e8s ne sera effectif aux jeunes qu\u2019un mois apr\u00e8s l\u2019envoi des listes de recensement.<\/p>\n","protected":false},"excerpt":{"rendered":"<p>il est indispensable lors du recensement que les jeunes fournissent des coordonn\u00e9es valides (mail + t\u00e9l) afin de les contacter<\/p>\n","protected":false},"author":1,"featured_media":105,"comment_status":"open","ping_status":"open","sticky":false,"template":"","format":"standard","meta":{"colormag_page_container_layout":"default_layout","colormag_page_sidebar_layout":"default_layout","footnotes":""},"categories":[4],"tags":[],"class_list":["post-1061","post","type-post","status-publish","format-standard","has-post-thumbnail","hentry","category-infos-mairie"],"_links":{"self":[{"href":"https:\/\/jarnac-champagne.fr\/index.php\/wp-json\/wp\/v2\/posts\/1061","targetHints":{"allow":["GET"]}}],"collection":[{"href":"https:\/\/jarnac-champagne.fr\/index.php\/wp-json\/wp\/v2\/posts"}],"about":[{"href":"https:\/\/jarnac-champagne.fr\/index.php\/wp-json\/wp\/v2\/types\/post"}],"author":[{"embeddable":true,"href":"https:\/\/jarnac-champagne.fr\/index.php\/wp-json\/wp\/v2\/users\/1"}],"replies":[{"embeddable":true,"href":"https:\/\/jarnac-champagne.fr\/index.php\/wp-json\/wp\/v2\/comments?post=1061"}],"version-history":[{"count":1,"href":"https:\/\/jarnac-champagne.fr\/index.php\/wp-json\/wp\/v2\/posts\/1061\/revisions"}],"predecessor-version":[{"id":1062,"href":"https:\/\/jarnac-champagne.fr\/index.php\/wp-json\/wp\/v2\/posts\/1061\/revisions\/1062"}],"wp:featuredmedia":[{"embeddable":true,"href":"https:\/\/jarnac-champagne.fr\/index.php\/wp-json\/wp\/v2\/media\/105"}],"wp:attachment":[{"href":"https:\/\/jarnac-champagne.fr\/index.php\/wp-json\/wp\/v2\/media?parent=1061"}],"wp:term":[{"taxonomy":"category","embeddable":true,"href":"https:\/\/jarnac-champagne.fr\/index.php\/wp-json\/wp\/v2\/categories?post=1061"},{"taxonomy":"post_tag","embeddable":true,"href":"https:\/\/jarnac-champagne.fr\/index.php\/wp-json\/wp\/v2\/tags?post=1061"}],"curies":[{"name":"wp","href":"https:\/\/api.w.org\/{rel}","templated":true}]}}