{"id":1065,"date":"2020-11-04T17:55:08","date_gmt":"2020-11-04T16:55:08","guid":{"rendered":"https:\/\/jarnac-champagne.fr\/\/\/?p=1065"},"modified":"2020-11-04T17:55:10","modified_gmt":"2020-11-04T16:55:10","slug":"numero-vert-entreprises-en-difficulte","status":"publish","type":"post","link":"https:\/\/jarnac-champagne.fr\/index.php\/2020\/11\/04\/numero-vert-entreprises-en-difficulte\/","title":{"rendered":"Num\u00e9ro vert entreprises en difficult\u00e9"},"content":{"rendered":"\n<p>Un num\u00e9ro vert pour les entreprises en difficult\u00e9 a \u00e9t\u00e9 mis en place sur les mesures d\u2019urgence dans le cadre du confinement : le <strong><span class=\"has-inline-color has-luminous-vivid-orange-color\">0806 000 245<\/span><\/strong><br>Il est accessible du <strong><span class=\"has-inline-color has-luminous-vivid-orange-color\">lundi au vendredi de 9 \u00e0 12 heures et de 13 \u00e0 16 heures<\/span><\/strong><br>Il permettra d&rsquo;orienter et de renseigner les professionnels sur les mesures mises en place.<br>Voici \u00e9galement le lien vers le site du minist\u00e8re.<br><br><a rel=\"noreferrer noopener\" href=\"https:\/\/www.economie.gouv.fr\/covid19-soutien-entreprises\/numero-special-information-mesures-urgences-entreprises-associations\" target=\"_blank\">https:\/\/www.economie.gouv.fr\/covid19-soutien-entreprises\/numero-special-information-mesures-urgences-entreprises-associations<\/a><\/p>\n","protected":false},"excerpt":{"rendered":"<p>Un num\u00e9ro vert pour les entreprises en difficult\u00e9 a \u00e9t\u00e9 mis en place sur les mesures d\u2019urgence dans le cadre<\/p>\n","protected":false},"author":1,"featured_media":105,"comment_status":"open","ping_status":"open","sticky":false,"template":"","format":"standard","meta":{"colormag_page_container_layout":"default_layout","colormag_page_sidebar_layout":"default_layout","footnotes":""},"categories":[4],"tags":[],"class_list":["post-1065","post","type-post","status-publish","format-standard","has-post-thumbnail","hentry","category-infos-mairie"],"_links":{"self":[{"href":"https:\/\/jarnac-champagne.fr\/index.php\/wp-json\/wp\/v2\/posts\/1065","targetHints":{"allow":["GET"]}}],"collection":[{"href":"https:\/\/jarnac-champagne.fr\/index.php\/wp-json\/wp\/v2\/posts"}],"about":[{"href":"https:\/\/jarnac-champagne.fr\/index.php\/wp-json\/wp\/v2\/types\/post"}],"author":[{"embeddable":true,"href":"https:\/\/jarnac-champagne.fr\/index.php\/wp-json\/wp\/v2\/users\/1"}],"replies":[{"embeddable":true,"href":"https:\/\/jarnac-champagne.fr\/index.php\/wp-json\/wp\/v2\/comments?post=1065"}],"version-history":[{"count":1,"href":"https:\/\/jarnac-champagne.fr\/index.php\/wp-json\/wp\/v2\/posts\/1065\/revisions"}],"predecessor-version":[{"id":1066,"href":"https:\/\/jarnac-champagne.fr\/index.php\/wp-json\/wp\/v2\/posts\/1065\/revisions\/1066"}],"wp:featuredmedia":[{"embeddable":true,"href":"https:\/\/jarnac-champagne.fr\/index.php\/wp-json\/wp\/v2\/media\/105"}],"wp:attachment":[{"href":"https:\/\/jarnac-champagne.fr\/index.php\/wp-json\/wp\/v2\/media?parent=1065"}],"wp:term":[{"taxonomy":"category","embeddable":true,"href":"https:\/\/jarnac-champagne.fr\/index.php\/wp-json\/wp\/v2\/categories?post=1065"},{"taxonomy":"post_tag","embeddable":true,"href":"https:\/\/jarnac-champagne.fr\/index.php\/wp-json\/wp\/v2\/tags?post=1065"}],"curies":[{"name":"wp","href":"https:\/\/api.w.org\/{rel}","templated":true}]}}