{"id":1079,"date":"2020-11-06T23:27:20","date_gmt":"2020-11-06T22:27:20","guid":{"rendered":"https:\/\/jarnac-champagne.fr\/\/\/?p=1079"},"modified":"2020-11-06T23:27:21","modified_gmt":"2020-11-06T22:27:21","slug":"cimetiere","status":"publish","type":"post","link":"https:\/\/jarnac-champagne.fr\/index.php\/2020\/11\/06\/cimetiere\/","title":{"rendered":"Cimeti\u00e8re"},"content":{"rendered":"\n<p>En cette p\u00e9riode de Toussaint, notre cimeti\u00e8re\u00a0est propre et fleuri.<\/p>\n\n\n\n<p>Nous avons remerci\u00e9 les agents pour le temps qu&rsquo;ils ont consacr\u00e9\u00a0 \u00e0 l&rsquo;entretien de\u00a0ce lieu d\u00e9di\u00e9 \u00e0 nos d\u00e9funts.<\/p>\n\n\n\n<div class=\"wp-block-image\"><figure class=\"aligncenter size-large\"><img loading=\"lazy\" decoding=\"async\" width=\"961\" height=\"1024\" src=\"https:\/\/jarnac-champagne.fr\/\/\/wp-content\/uploads\/2020\/11\/Cimetiere_Automne20201.jpg\" alt=\"\" class=\"wp-image-1080\" srcset=\"https:\/\/jarnac-champagne.fr\/wp-content\/uploads\/2020\/11\/Cimetiere_Automne20201.jpg 961w, https:\/\/jarnac-champagne.fr\/wp-content\/uploads\/2020\/11\/Cimetiere_Automne20201-282x300.jpg 282w, https:\/\/jarnac-champagne.fr\/wp-content\/uploads\/2020\/11\/Cimetiere_Automne20201-768x818.jpg 768w\" sizes=\"auto, (max-width: 961px) 100vw, 961px\" \/><\/figure><\/div>\n\n\n\n<div class=\"wp-block-image\"><figure class=\"aligncenter size-large\"><img loading=\"lazy\" decoding=\"async\" width=\"768\" height=\"1024\" src=\"https:\/\/jarnac-champagne.fr\/\/\/wp-content\/uploads\/2020\/11\/Cimetiere_Automne20202.jpg\" alt=\"\" class=\"wp-image-1081\" srcset=\"https:\/\/jarnac-champagne.fr\/wp-content\/uploads\/2020\/11\/Cimetiere_Automne20202.jpg 768w, https:\/\/jarnac-champagne.fr\/wp-content\/uploads\/2020\/11\/Cimetiere_Automne20202-225x300.jpg 225w\" sizes=\"auto, (max-width: 768px) 100vw, 768px\" \/><\/figure><\/div>\n","protected":false},"excerpt":{"rendered":"<p>En cette p\u00e9riode de Toussaint, notre cimeti\u00e8re\u00a0est propre et fleuri. Nous avons remerci\u00e9 les agents pour le temps qu&rsquo;ils ont<\/p>\n","protected":false},"author":1,"featured_media":105,"comment_status":"open","ping_status":"open","sticky":false,"template":"","format":"standard","meta":{"colormag_page_container_layout":"default_layout","colormag_page_sidebar_layout":"default_layout","footnotes":""},"categories":[4],"tags":[],"class_list":["post-1079","post","type-post","status-publish","format-standard","has-post-thumbnail","hentry","category-infos-mairie"],"_links":{"self":[{"href":"https:\/\/jarnac-champagne.fr\/index.php\/wp-json\/wp\/v2\/posts\/1079","targetHints":{"allow":["GET"]}}],"collection":[{"href":"https:\/\/jarnac-champagne.fr\/index.php\/wp-json\/wp\/v2\/posts"}],"about":[{"href":"https:\/\/jarnac-champagne.fr\/index.php\/wp-json\/wp\/v2\/types\/post"}],"author":[{"embeddable":true,"href":"https:\/\/jarnac-champagne.fr\/index.php\/wp-json\/wp\/v2\/users\/1"}],"replies":[{"embeddable":true,"href":"https:\/\/jarnac-champagne.fr\/index.php\/wp-json\/wp\/v2\/comments?post=1079"}],"version-history":[{"count":1,"href":"https:\/\/jarnac-champagne.fr\/index.php\/wp-json\/wp\/v2\/posts\/1079\/revisions"}],"predecessor-version":[{"id":1082,"href":"https:\/\/jarnac-champagne.fr\/index.php\/wp-json\/wp\/v2\/posts\/1079\/revisions\/1082"}],"wp:featuredmedia":[{"embeddable":true,"href":"https:\/\/jarnac-champagne.fr\/index.php\/wp-json\/wp\/v2\/media\/105"}],"wp:attachment":[{"href":"https:\/\/jarnac-champagne.fr\/index.php\/wp-json\/wp\/v2\/media?parent=1079"}],"wp:term":[{"taxonomy":"category","embeddable":true,"href":"https:\/\/jarnac-champagne.fr\/index.php\/wp-json\/wp\/v2\/categories?post=1079"},{"taxonomy":"post_tag","embeddable":true,"href":"https:\/\/jarnac-champagne.fr\/index.php\/wp-json\/wp\/v2\/tags?post=1079"}],"curies":[{"name":"wp","href":"https:\/\/api.w.org\/{rel}","templated":true}]}}