{"id":1121,"date":"2020-11-10T18:56:40","date_gmt":"2020-11-10T17:56:40","guid":{"rendered":"https:\/\/jarnac-champagne.fr\/\/\/?p=1121"},"modified":"2020-11-10T18:56:42","modified_gmt":"2020-11-10T17:56:42","slug":"les-amis-du-livre-bibliotheque-pendant-le-confinement","status":"publish","type":"post","link":"https:\/\/jarnac-champagne.fr\/index.php\/2020\/11\/10\/les-amis-du-livre-bibliotheque-pendant-le-confinement\/","title":{"rendered":"Les Amis du Livre (biblioth\u00e8que) pendant le confinement"},"content":{"rendered":"\n<p>Durant le confinement, la biblioth\u00e8que est ferm\u00e9e, mais si vous avez besoin de lectures nous sommes \u00e0 votre \u00e9coute.<\/p>\n\n\n\n<p>Un RV au<strong><span class=\"has-inline-color has-luminous-vivid-amber-color\"> 0546490351<\/span><\/strong> ou par mail <a href=\"http:\/\/biblioth\u00e8que.jarnac17@laposte.net\">biblioth\u00e8que.jarnac17@laposte.net<\/a><\/p>\n\n\n\n<p>Nous pourrons vous servir tout en respectant les gestes barri\u00e8res.<\/p>\n\n\n\n<p><strong><span class=\"has-inline-color has-vivid-green-cyan-color\">Le portage \u00e0 domicile est possible.<\/span><\/strong><\/p>\n\n\n\n<p>Les Amis du Livre.<\/p>\n","protected":false},"excerpt":{"rendered":"<p>Durant le confinement, la biblioth\u00e8que est ferm\u00e9e, mais si vous avez besoin de lectures nous sommes \u00e0 votre \u00e9coute. Un<\/p>\n","protected":false},"author":1,"featured_media":104,"comment_status":"open","ping_status":"open","sticky":false,"template":"","format":"standard","meta":{"colormag_page_container_layout":"default_layout","colormag_page_sidebar_layout":"default_layout","footnotes":""},"categories":[3],"tags":[],"class_list":["post-1121","post","type-post","status-publish","format-standard","has-post-thumbnail","hentry","category-bibliotheque"],"_links":{"self":[{"href":"https:\/\/jarnac-champagne.fr\/index.php\/wp-json\/wp\/v2\/posts\/1121","targetHints":{"allow":["GET"]}}],"collection":[{"href":"https:\/\/jarnac-champagne.fr\/index.php\/wp-json\/wp\/v2\/posts"}],"about":[{"href":"https:\/\/jarnac-champagne.fr\/index.php\/wp-json\/wp\/v2\/types\/post"}],"author":[{"embeddable":true,"href":"https:\/\/jarnac-champagne.fr\/index.php\/wp-json\/wp\/v2\/users\/1"}],"replies":[{"embeddable":true,"href":"https:\/\/jarnac-champagne.fr\/index.php\/wp-json\/wp\/v2\/comments?post=1121"}],"version-history":[{"count":1,"href":"https:\/\/jarnac-champagne.fr\/index.php\/wp-json\/wp\/v2\/posts\/1121\/revisions"}],"predecessor-version":[{"id":1122,"href":"https:\/\/jarnac-champagne.fr\/index.php\/wp-json\/wp\/v2\/posts\/1121\/revisions\/1122"}],"wp:featuredmedia":[{"embeddable":true,"href":"https:\/\/jarnac-champagne.fr\/index.php\/wp-json\/wp\/v2\/media\/104"}],"wp:attachment":[{"href":"https:\/\/jarnac-champagne.fr\/index.php\/wp-json\/wp\/v2\/media?parent=1121"}],"wp:term":[{"taxonomy":"category","embeddable":true,"href":"https:\/\/jarnac-champagne.fr\/index.php\/wp-json\/wp\/v2\/categories?post=1121"},{"taxonomy":"post_tag","embeddable":true,"href":"https:\/\/jarnac-champagne.fr\/index.php\/wp-json\/wp\/v2\/tags?post=1121"}],"curies":[{"name":"wp","href":"https:\/\/api.w.org\/{rel}","templated":true}]}}