{"id":1149,"date":"2020-11-20T23:58:25","date_gmt":"2020-11-20T22:58:25","guid":{"rendered":"https:\/\/jarnac-champagne.fr\/\/\/?p=1149"},"modified":"2020-11-21T00:02:10","modified_gmt":"2020-11-20T23:02:10","slug":"transport-scolaire","status":"publish","type":"post","link":"https:\/\/jarnac-champagne.fr\/index.php\/2020\/11\/20\/transport-scolaire\/","title":{"rendered":"Transport scolaire"},"content":{"rendered":"\n<p>C&rsquo;est \u00e0 compter du <strong><span class=\"has-inline-color has-luminous-vivid-orange-color\">lundi 23 novembre<\/span><\/strong>.<\/p>\n\n\n\n<p>Ne vous inqui\u00e9tez si vous d\u00e9couvrez un bus blanc aux couleurs de la R\u00e9gion Nouvelle Aquitaine. <\/p>\n\n\n\n<p>Aucun changement d&rsquo;horaires et Annick continuera \u00e0 assurer l&rsquo;accompagnement.<\/p>\n\n\n<a href=\"https:\/\/jarnac-champagne.fr\/\/\/wp-content\/uploads\/2020\/11\/Mot_Sivos_Transport-1.pdf\" class=\"pdfemb-viewer\" style=\"\" data-width=\"max\" data-height=\"max\" data-toolbar=\"bottom\" data-toolbar-fixed=\"off\">Mot_Sivos_Transport-1<\/a>\n<p class=\"wp-block-pdfemb-pdf-embedder-viewer\"><\/p>\n","protected":false},"excerpt":{"rendered":"<p>C&rsquo;est \u00e0 compter du lundi 23 novembre. Ne vous inqui\u00e9tez si vous d\u00e9couvrez un bus blanc aux couleurs de la<\/p>\n","protected":false},"author":1,"featured_media":103,"comment_status":"open","ping_status":"open","sticky":false,"template":"","format":"standard","meta":{"colormag_page_container_layout":"default_layout","colormag_page_sidebar_layout":"default_layout","footnotes":""},"categories":[5],"tags":[],"class_list":["post-1149","post","type-post","status-publish","format-standard","has-post-thumbnail","hentry","category-infos-ecole"],"_links":{"self":[{"href":"https:\/\/jarnac-champagne.fr\/index.php\/wp-json\/wp\/v2\/posts\/1149","targetHints":{"allow":["GET"]}}],"collection":[{"href":"https:\/\/jarnac-champagne.fr\/index.php\/wp-json\/wp\/v2\/posts"}],"about":[{"href":"https:\/\/jarnac-champagne.fr\/index.php\/wp-json\/wp\/v2\/types\/post"}],"author":[{"embeddable":true,"href":"https:\/\/jarnac-champagne.fr\/index.php\/wp-json\/wp\/v2\/users\/1"}],"replies":[{"embeddable":true,"href":"https:\/\/jarnac-champagne.fr\/index.php\/wp-json\/wp\/v2\/comments?post=1149"}],"version-history":[{"count":3,"href":"https:\/\/jarnac-champagne.fr\/index.php\/wp-json\/wp\/v2\/posts\/1149\/revisions"}],"predecessor-version":[{"id":1155,"href":"https:\/\/jarnac-champagne.fr\/index.php\/wp-json\/wp\/v2\/posts\/1149\/revisions\/1155"}],"wp:featuredmedia":[{"embeddable":true,"href":"https:\/\/jarnac-champagne.fr\/index.php\/wp-json\/wp\/v2\/media\/103"}],"wp:attachment":[{"href":"https:\/\/jarnac-champagne.fr\/index.php\/wp-json\/wp\/v2\/media?parent=1149"}],"wp:term":[{"taxonomy":"category","embeddable":true,"href":"https:\/\/jarnac-champagne.fr\/index.php\/wp-json\/wp\/v2\/categories?post=1149"},{"taxonomy":"post_tag","embeddable":true,"href":"https:\/\/jarnac-champagne.fr\/index.php\/wp-json\/wp\/v2\/tags?post=1149"}],"curies":[{"name":"wp","href":"https:\/\/api.w.org\/{rel}","templated":true}]}}