{"id":1172,"date":"2020-11-26T07:55:38","date_gmt":"2020-11-26T06:55:38","guid":{"rendered":"https:\/\/jarnac-champagne.fr\/\/\/?p=1172"},"modified":"2020-11-26T07:55:39","modified_gmt":"2020-11-26T06:55:39","slug":"nos-commerces-locaux","status":"publish","type":"post","link":"https:\/\/jarnac-champagne.fr\/index.php\/2020\/11\/26\/nos-commerces-locaux\/","title":{"rendered":"Nos commerces locaux"},"content":{"rendered":"\n<p>A partir du samedi 28 novembre, nos 2 commerces <strong><span class=\"has-inline-color has-luminous-vivid-orange-color\">Lucile et Institut<\/span><\/strong> et <strong><span class=\"has-inline-color has-luminous-vivid-orange-color\">V\u00e9nus Coiffure <\/span><\/strong>seront \u00e0 nouveau ouverts.<\/p>\n\n\n\n<p>Lucile et Aur\u00e9lie se feront un plaisir de vous accueillir avec s\u00e9rieux et professionnalisme dans le plus grand respect du protocole sanitaire impos\u00e9.<\/p>\n\n\n\n<p>Par ailleurs, tous les commerces alimentaires peuvent effectuer des <strong><span class=\"has-inline-color has-vivid-red-color\">livraisons \u00e0 domicile<\/span><\/strong> sur demande.<\/p>\n\n\n\n<p>Enfin, le restaurant \u00ab\u00a0Le Coude \u00e0 Coude\u00a0\u00bb propose des<strong><span class=\"has-inline-color has-vivid-red-color\"> plats \u00e0 emporter<\/span><\/strong> sur commande avec une carte renouvel\u00e9e chaque semaine.<\/p>\n\n\n\n<p><strong><span class=\"has-inline-color has-pale-pink-color\">V\u00e9nus Coiffure<\/span><\/strong> : <strong><span class=\"has-inline-color has-vivid-cyan-blue-color\">05.46.70.20.49<\/span><\/strong><\/p>\n\n\n\n<p>Le salon sera ouvert le<span class=\"has-inline-color has-vivid-green-cyan-color\"> <strong>dimanche 29 Novembre de 8h30 \u00e0 12h30<\/strong><\/span> ainsi que le <strong><span class=\"has-inline-color has-vivid-green-cyan-color\">dimanche 6 D\u00e9cembre de 9h \u00e0 17h<\/span><\/strong>.<\/p>\n\n\n\n<p>Rendez-vous en ligne : <a href=\"https:\/\/www.kalendes.com\/venuscoiffure\/#\/welcome\">https:\/\/www.kalendes.com\/venuscoiffure\/#\/welcome<\/a><\/p>\n\n\n\n<p><strong><span class=\"has-inline-color has-pale-pink-color\">Lucile Institut<\/span><\/strong> : <strong><span class=\"has-inline-color has-vivid-cyan-blue-color\">05 16 48 80 88<\/span><\/strong><\/p>\n\n\n\n<p>Boutique en ligne : <a href=\"https:\/\/www.kalendes.com\/lucileinstitut\/#\/welcome\">https:\/\/www.kalendes.com\/lucileinstitut\/#\/welcome<\/a><\/p>\n\n\n\n<p><strong><span class=\"has-inline-color has-pale-pink-color\">Restaurant \u00ab\u00a0Le Coude \u00e0 Coude\u00a0\u00bb<\/span><\/strong> : <strong><span class=\"has-inline-color has-vivid-cyan-blue-color\">05 46 49 66 53<\/span><\/strong><\/p>\n\n\n\n<p><strong><span class=\"has-inline-color has-pale-pink-color\">Boulangerie ANDRE<\/span><\/strong> :\u00a0<strong><span class=\"has-inline-color has-vivid-cyan-blue-color\">05 46 49 52 64<\/span><\/strong><\/p>\n\n\n\n<p><strong><span class=\"has-inline-color has-pale-pink-color\">Boucherie MOREAU <\/span><\/strong>:\u00a0<a href=\"https:\/\/www.google.com\/search?rlz=1C5CHFA_enFR858FR858&amp;sxsrf=ALeKk039z5j6SnkZees1INYpnD8h_SXvQQ%3A1604736097918&amp;ei=YVSmX5HNN4y4lwTk8YPgAg&amp;q=boucherie+moreau&amp;oq=BOUCHERIE+&amp;gs_lcp=CgZwc3ktYWIQARgAMgQIIxAnMgQIABBDMgcIABCxAxBDMgIIADICCAAyAggAMgIIADICCAAyAggAMgIIADoECC4QJzoKCAAQsQMQFBCHAjoHCAAQFBCHAjoFCAAQsQM6CAguELEDEJMCOgcILhCxAxBDOgUILhCxAzoCCC46BAgAEA06BAguEA06BwguEA0QkwI6CQgAEA0QRhD5AToGCAAQDRAKUPmyAVjk0wFgsuIBaAVwAHgAgAF5iAH0C5IBAzYuOZgBAKABAaoBB2d3cy13aXrAAQE&amp;sclient=psy-ab#\"><strong><span class=\"has-inline-color has-vivid-cyan-blue-color\">05 46 86 17 30<\/span><\/strong><\/a><\/p>\n\n\n\n<p><strong><span class=\"has-inline-color has-pale-pink-color\">Epicerie RENNETEAU<\/span><\/strong> :\u00a0<a href=\"https:\/\/www.google.com\/search?rlz=1C5CHFA_enFR858FR858&amp;sxsrf=ALeKk03-iuhqnjq28QgLF6kC2Z2ekI625w%3A1604736128386&amp;ei=gFSmX5aPF4rYaNekpMAK&amp;q=EPICERIE+RENNETEAU&amp;oq=EPICERIE+RENNETEAU&amp;gs_lcp=CgZwc3ktYWIQAzoECCMQJzoICAAQsQMQgwE6BQgAELEDOgcIABCxAxBDOgQIABBDOgIIADoCCC46BQguELEDOgQIABANOgcIIRAKEKABUP-nAVjBxAFg18cBaABwAHgAgAF8iAG6DZIBBDEzLjWYAQCgAQGqAQdnd3Mtd2l6wAEB&amp;sclient=psy-ab&amp;ved=0ahUKEwiWz4_3--_sAhUKLBoKHVcSCagQ4dUDCA0&amp;uact=5#\"><strong><span class=\"has-inline-color has-vivid-cyan-blue-color\">05 46 48 51 37<\/span><\/strong><\/a><a rel=\"noreferrer noopener\" target=\"_blank\" href=\"https:\/\/www.facebook.com\/sharer\/sharer.php?u=https:\/\/jarnac-champagne.fr\/\/\/index.php\/2020\/11\/07\/commerces-livraison-a-domicile\/\"><\/a><\/p>\n\n\n\n<p><\/p>\n","protected":false},"excerpt":{"rendered":"<p>A partir du samedi 28 novembre, nos 2 commerces Lucile et Institut et V\u00e9nus Coiffure seront \u00e0 nouveau ouverts. Lucile<\/p>\n","protected":false},"author":1,"featured_media":1120,"comment_status":"open","ping_status":"open","sticky":false,"template":"","format":"standard","meta":{"colormag_page_container_layout":"default_layout","colormag_page_sidebar_layout":"default_layout","footnotes":""},"categories":[19],"tags":[],"class_list":["post-1172","post","type-post","status-publish","format-standard","has-post-thumbnail","hentry","category-commerces"],"_links":{"self":[{"href":"https:\/\/jarnac-champagne.fr\/index.php\/wp-json\/wp\/v2\/posts\/1172","targetHints":{"allow":["GET"]}}],"collection":[{"href":"https:\/\/jarnac-champagne.fr\/index.php\/wp-json\/wp\/v2\/posts"}],"about":[{"href":"https:\/\/jarnac-champagne.fr\/index.php\/wp-json\/wp\/v2\/types\/post"}],"author":[{"embeddable":true,"href":"https:\/\/jarnac-champagne.fr\/index.php\/wp-json\/wp\/v2\/users\/1"}],"replies":[{"embeddable":true,"href":"https:\/\/jarnac-champagne.fr\/index.php\/wp-json\/wp\/v2\/comments?post=1172"}],"version-history":[{"count":2,"href":"https:\/\/jarnac-champagne.fr\/index.php\/wp-json\/wp\/v2\/posts\/1172\/revisions"}],"predecessor-version":[{"id":1174,"href":"https:\/\/jarnac-champagne.fr\/index.php\/wp-json\/wp\/v2\/posts\/1172\/revisions\/1174"}],"wp:featuredmedia":[{"embeddable":true,"href":"https:\/\/jarnac-champagne.fr\/index.php\/wp-json\/wp\/v2\/media\/1120"}],"wp:attachment":[{"href":"https:\/\/jarnac-champagne.fr\/index.php\/wp-json\/wp\/v2\/media?parent=1172"}],"wp:term":[{"taxonomy":"category","embeddable":true,"href":"https:\/\/jarnac-champagne.fr\/index.php\/wp-json\/wp\/v2\/categories?post=1172"},{"taxonomy":"post_tag","embeddable":true,"href":"https:\/\/jarnac-champagne.fr\/index.php\/wp-json\/wp\/v2\/tags?post=1172"}],"curies":[{"name":"wp","href":"https:\/\/api.w.org\/{rel}","templated":true}]}}