{"id":1323,"date":"2020-12-26T20:44:36","date_gmt":"2020-12-26T19:44:36","guid":{"rendered":"https:\/\/jarnac-champagne.fr\/\/\/?p=1323"},"modified":"2020-12-26T20:49:32","modified_gmt":"2020-12-26T19:49:32","slug":"alerte-meteo-2","status":"publish","type":"post","link":"https:\/\/jarnac-champagne.fr\/index.php\/2020\/12\/26\/alerte-meteo-2\/","title":{"rendered":"ALERTE METEO"},"content":{"rendered":"\n<p>Temp\u00eate surnomm\u00e9e BELLA annonc\u00e9e pour le <strong><span class=\"has-inline-color has-luminous-vivid-orange-color\">dimanche 27 d\u00e9cembre apr\u00e8s-midi <\/span><\/strong>= <strong>VENTS VIOLENTS<\/strong><\/p>\n\n\n\n<p>Vous pouvez suivre l&rsquo;\u00e9tat du r\u00e9seau sur<strong> l&rsquo;application mobile \u00ab\u00a0Enedis \u00e0 mes c\u00f4t\u00e9s\u00a0\u00bb.<\/strong><\/p>\n\n\n\n<p>Retrouvez les alertes de votre commune sur les 2 applications en test :<\/p>\n\n\n\n<p><strong><span class=\"has-inline-color has-vivid-purple-color\">Ma Commune Connect\u00e9e<\/span><\/strong> et <strong><span class=\"has-inline-color has-luminous-vivid-orange-color\">My City Pocket<\/span><\/strong><\/p>\n\n\n\n<p><a href=\"https:\/\/macommuneconnectee.fr\/telecharger-l-application\">https:\/\/macommuneconnectee.fr\/telecharger-l-application<\/a><\/p>\n\n\n\n<figure class=\"wp-block-image size-large is-style-default\"><img loading=\"lazy\" decoding=\"async\" width=\"724\" height=\"1024\" src=\"https:\/\/jarnac-champagne.fr\/\/\/wp-content\/uploads\/2020\/12\/flyer2-724x1024.jpg\" alt=\"\" class=\"wp-image-1328\" srcset=\"https:\/\/jarnac-champagne.fr\/wp-content\/uploads\/2020\/12\/flyer2-724x1024.jpg 724w, https:\/\/jarnac-champagne.fr\/wp-content\/uploads\/2020\/12\/flyer2-212x300.jpg 212w, https:\/\/jarnac-champagne.fr\/wp-content\/uploads\/2020\/12\/flyer2-768x1086.jpg 768w, https:\/\/jarnac-champagne.fr\/wp-content\/uploads\/2020\/12\/flyer2-1086x1536.jpg 1086w, https:\/\/jarnac-champagne.fr\/wp-content\/uploads\/2020\/12\/flyer2.jpg 1240w\" sizes=\"auto, (max-width: 724px) 100vw, 724px\" \/><\/figure>\n\n\n<a href=\"https:\/\/jarnac-champagne.fr\/\/\/wp-content\/uploads\/2020\/12\/Pub-4-Paysage-BD.pdf\" class=\"pdfemb-viewer\" style=\"\" data-width=\"max\" data-height=\"max\" data-toolbar=\"bottom\" data-toolbar-fixed=\"off\">Pub-4-Paysage-BD<\/a>\n<p class=\"wp-block-pdfemb-pdf-embedder-viewer\"><\/p>\n\n\n\n<p>T\u00e9l\u00e9chargeables sur <strong>Appl Store <\/strong>ou <strong>Google Play<\/strong><\/p>\n\n\n\n<div class=\"wp-block-image is-style-default\"><figure class=\"aligncenter size-large is-resized\"><img loading=\"lazy\" decoding=\"async\" src=\"https:\/\/jarnac-champagne.fr\/\/\/wp-content\/uploads\/2020\/10\/google-play-badge.png\" alt=\"\" class=\"wp-image-1001\" width=\"165\" height=\"49\" srcset=\"https:\/\/jarnac-champagne.fr\/wp-content\/uploads\/2020\/10\/google-play-badge.png 565w, https:\/\/jarnac-champagne.fr\/wp-content\/uploads\/2020\/10\/google-play-badge-300x90.png 300w\" sizes=\"auto, (max-width: 165px) 100vw, 165px\" \/><\/figure><\/div>\n\n\n\n<div class=\"wp-block-image is-style-default\"><figure class=\"aligncenter size-large is-resized\"><img loading=\"lazy\" decoding=\"async\" src=\"https:\/\/jarnac-champagne.fr\/\/\/wp-content\/uploads\/2020\/10\/appstore-badge-1024x323.png\" alt=\"\" class=\"wp-image-1000\" width=\"162\" height=\"50\" srcset=\"https:\/\/jarnac-champagne.fr\/wp-content\/uploads\/2020\/10\/appstore-badge-1024x323.png 1024w, https:\/\/jarnac-champagne.fr\/wp-content\/uploads\/2020\/10\/appstore-badge-300x94.png 300w, https:\/\/jarnac-champagne.fr\/wp-content\/uploads\/2020\/10\/appstore-badge-768x242.png 768w, https:\/\/jarnac-champagne.fr\/wp-content\/uploads\/2020\/10\/appstore-badge.png 1270w\" sizes=\"auto, (max-width: 162px) 100vw, 162px\" \/><\/figure><\/div>\n\n\n\n<p><em>Apple et le logo Apple sont des marques de Apple Inc.<\/em> <em>Google Play et le logo Google Play sont des marques de Google LLC.<\/em><\/p>\n","protected":false},"excerpt":{"rendered":"<p>Temp\u00eate surnomm\u00e9e BELLA annonc\u00e9e pour le dimanche 27 d\u00e9cembre apr\u00e8s-midi = VENTS VIOLENTS Vous pouvez suivre l&rsquo;\u00e9tat du r\u00e9seau sur<\/p>\n","protected":false},"author":1,"featured_media":716,"comment_status":"open","ping_status":"open","sticky":false,"template":"","format":"standard","meta":{"colormag_page_container_layout":"default_layout","colormag_page_sidebar_layout":"default_layout","footnotes":""},"categories":[4],"tags":[],"class_list":["post-1323","post","type-post","status-publish","format-standard","has-post-thumbnail","hentry","category-infos-mairie"],"_links":{"self":[{"href":"https:\/\/jarnac-champagne.fr\/index.php\/wp-json\/wp\/v2\/posts\/1323","targetHints":{"allow":["GET"]}}],"collection":[{"href":"https:\/\/jarnac-champagne.fr\/index.php\/wp-json\/wp\/v2\/posts"}],"about":[{"href":"https:\/\/jarnac-champagne.fr\/index.php\/wp-json\/wp\/v2\/types\/post"}],"author":[{"embeddable":true,"href":"https:\/\/jarnac-champagne.fr\/index.php\/wp-json\/wp\/v2\/users\/1"}],"replies":[{"embeddable":true,"href":"https:\/\/jarnac-champagne.fr\/index.php\/wp-json\/wp\/v2\/comments?post=1323"}],"version-history":[{"count":3,"href":"https:\/\/jarnac-champagne.fr\/index.php\/wp-json\/wp\/v2\/posts\/1323\/revisions"}],"predecessor-version":[{"id":1329,"href":"https:\/\/jarnac-champagne.fr\/index.php\/wp-json\/wp\/v2\/posts\/1323\/revisions\/1329"}],"wp:featuredmedia":[{"embeddable":true,"href":"https:\/\/jarnac-champagne.fr\/index.php\/wp-json\/wp\/v2\/media\/716"}],"wp:attachment":[{"href":"https:\/\/jarnac-champagne.fr\/index.php\/wp-json\/wp\/v2\/media?parent=1323"}],"wp:term":[{"taxonomy":"category","embeddable":true,"href":"https:\/\/jarnac-champagne.fr\/index.php\/wp-json\/wp\/v2\/categories?post=1323"},{"taxonomy":"post_tag","embeddable":true,"href":"https:\/\/jarnac-champagne.fr\/index.php\/wp-json\/wp\/v2\/tags?post=1323"}],"curies":[{"name":"wp","href":"https:\/\/api.w.org\/{rel}","templated":true}]}}