{"id":1355,"date":"2021-01-02T19:49:41","date_gmt":"2021-01-02T18:49:41","guid":{"rendered":"https:\/\/jarnac-champagne.fr\/\/\/?p=1355"},"modified":"2021-01-02T19:52:30","modified_gmt":"2021-01-02T18:52:30","slug":"voeux-commercants","status":"publish","type":"post","link":"https:\/\/jarnac-champagne.fr\/index.php\/2021\/01\/02\/voeux-commercants\/","title":{"rendered":"Voeux commer\u00e7ants"},"content":{"rendered":"\n<p>Un petit clin d&rsquo;oeil en images \u00e0 l&rsquo;occasion des voeux de nos commerces de proximit\u00e9 les plus connect\u00e9s&#8230;<\/p>\n\n\n\n<figure class=\"wp-block-gallery columns-3 is-cropped wp-block-gallery-1 is-layout-flex wp-block-gallery-is-layout-flex\"><ul class=\"blocks-gallery-grid\"><li class=\"blocks-gallery-item\"><figure><img loading=\"lazy\" decoding=\"async\" width=\"750\" height=\"762\" src=\"https:\/\/jarnac-champagne.fr\/\/\/wp-content\/uploads\/2021\/01\/Voeux_Venus.jpg\" alt=\"\" data-id=\"1358\" data-full-url=\"https:\/\/jarnac-champagne.fr\/\/\/wp-content\/uploads\/2021\/01\/Voeux_Venus.jpg\" data-link=\"https:\/\/jarnac-champagne.fr\/\/\/index.php\/2021\/01\/02\/voeux-commercants\/voeux_venus\/\" class=\"wp-image-1358\" srcset=\"https:\/\/jarnac-champagne.fr\/wp-content\/uploads\/2021\/01\/Voeux_Venus.jpg 750w, https:\/\/jarnac-champagne.fr\/wp-content\/uploads\/2021\/01\/Voeux_Venus-295x300.jpg 295w\" sizes=\"auto, (max-width: 750px) 100vw, 750px\" \/><figcaption class=\"blocks-gallery-item__caption\">V\u00e9nus Coiffure<\/figcaption><\/figure><\/li><li class=\"blocks-gallery-item\"><figure><img loading=\"lazy\" decoding=\"async\" width=\"940\" height=\"788\" src=\"https:\/\/jarnac-champagne.fr\/\/\/wp-content\/uploads\/2021\/01\/Voeux_Restau.jpg\" alt=\"\" data-id=\"1357\" data-full-url=\"https:\/\/jarnac-champagne.fr\/\/\/wp-content\/uploads\/2021\/01\/Voeux_Restau.jpg\" data-link=\"https:\/\/jarnac-champagne.fr\/\/\/index.php\/2021\/01\/02\/voeux-commercants\/voeux_restau\/\" class=\"wp-image-1357\" srcset=\"https:\/\/jarnac-champagne.fr\/wp-content\/uploads\/2021\/01\/Voeux_Restau.jpg 940w, https:\/\/jarnac-champagne.fr\/wp-content\/uploads\/2021\/01\/Voeux_Restau-300x251.jpg 300w, https:\/\/jarnac-champagne.fr\/wp-content\/uploads\/2021\/01\/Voeux_Restau-768x644.jpg 768w\" sizes=\"auto, (max-width: 940px) 100vw, 940px\" \/><figcaption class=\"blocks-gallery-item__caption\">Le Coude \u00e0 Coude<\/figcaption><\/figure><\/li><li class=\"blocks-gallery-item\"><figure><img loading=\"lazy\" decoding=\"async\" width=\"1024\" height=\"1024\" src=\"https:\/\/jarnac-champagne.fr\/\/\/wp-content\/uploads\/2021\/01\/Voeux_Lucile-1024x1024.jpg\" alt=\"\" data-id=\"1356\" data-full-url=\"https:\/\/jarnac-champagne.fr\/\/\/wp-content\/uploads\/2021\/01\/Voeux_Lucile.jpg\" data-link=\"https:\/\/jarnac-champagne.fr\/\/\/index.php\/2021\/01\/02\/voeux-commercants\/voeux_lucile\/\" class=\"wp-image-1356\" srcset=\"https:\/\/jarnac-champagne.fr\/wp-content\/uploads\/2021\/01\/Voeux_Lucile-1024x1024.jpg 1024w, https:\/\/jarnac-champagne.fr\/wp-content\/uploads\/2021\/01\/Voeux_Lucile-300x300.jpg 300w, https:\/\/jarnac-champagne.fr\/wp-content\/uploads\/2021\/01\/Voeux_Lucile-150x150.jpg 150w, https:\/\/jarnac-champagne.fr\/wp-content\/uploads\/2021\/01\/Voeux_Lucile-768x768.jpg 768w, https:\/\/jarnac-champagne.fr\/wp-content\/uploads\/2021\/01\/Voeux_Lucile.jpg 1080w\" sizes=\"auto, (max-width: 1024px) 100vw, 1024px\" \/><figcaption class=\"blocks-gallery-item__caption\">Lucile Institut<\/figcaption><\/figure><\/li><\/ul><\/figure>\n\n\n\n<p><strong><span class=\"has-inline-color has-vivid-red-color\">RAPPEL :<\/span><\/strong> Tous nos commerces alimentaires proposent la livraison \u00e0 domicile si besoin. Pensez-y !<\/p>\n\n\n\n<p><strong><span class=\"has-inline-color has-luminous-vivid-orange-color\">Boulangerie ANDRE <\/span><\/strong>:\u00a0<strong><span class=\"has-inline-color has-vivid-cyan-blue-color\">05 46 49 52 64<\/span><\/strong><\/p>\n\n\n\n<p><strong><span class=\"has-inline-color has-luminous-vivid-orange-color\">Boucherie MOREAU<\/span><\/strong> :\u00a0<a href=\"https:\/\/www.google.com\/search?rlz=1C5CHFA_enFR858FR858&amp;sxsrf=ALeKk039z5j6SnkZees1INYpnD8h_SXvQQ%3A1604736097918&amp;ei=YVSmX5HNN4y4lwTk8YPgAg&amp;q=boucherie+moreau&amp;oq=BOUCHERIE+&amp;gs_lcp=CgZwc3ktYWIQARgAMgQIIxAnMgQIABBDMgcIABCxAxBDMgIIADICCAAyAggAMgIIADICCAAyAggAMgIIADoECC4QJzoKCAAQsQMQFBCHAjoHCAAQFBCHAjoFCAAQsQM6CAguELEDEJMCOgcILhCxAxBDOgUILhCxAzoCCC46BAgAEA06BAguEA06BwguEA0QkwI6CQgAEA0QRhD5AToGCAAQDRAKUPmyAVjk0wFgsuIBaAVwAHgAgAF5iAH0C5IBAzYuOZgBAKABAaoBB2d3cy13aXrAAQE&amp;sclient=psy-ab#\"><strong>05 46 86 17 30<\/strong><\/a><\/p>\n\n\n\n<p><strong><span class=\"has-inline-color has-luminous-vivid-orange-color\">Epicerie RENNETEAU<\/span><\/strong> :\u00a0<a href=\"https:\/\/www.google.com\/search?rlz=1C5CHFA_enFR858FR858&amp;sxsrf=ALeKk03-iuhqnjq28QgLF6kC2Z2ekI625w%3A1604736128386&amp;ei=gFSmX5aPF4rYaNekpMAK&amp;q=EPICERIE+RENNETEAU&amp;oq=EPICERIE+RENNETEAU&amp;gs_lcp=CgZwc3ktYWIQAzoECCMQJzoICAAQsQMQgwE6BQgAELEDOgcIABCxAxBDOgQIABBDOgIIADoCCC46BQguELEDOgQIABANOgcIIRAKEKABUP-nAVjBxAFg18cBaABwAHgAgAF8iAG6DZIBBDEzLjWYAQCgAQGqAQdnd3Mtd2l6wAEB&amp;sclient=psy-ab&amp;ved=0ahUKEwiWz4_3--_sAhUKLBoKHVcSCagQ4dUDCA0&amp;uact=5#\"><strong>05 46 48 51 37<\/strong><\/a><\/p>\n","protected":false},"excerpt":{"rendered":"<p>Un petit clin d&rsquo;oeil en images \u00e0 l&rsquo;occasion des voeux de nos commerces de proximit\u00e9 les plus connect\u00e9s&#8230; RAPPEL :<\/p>\n","protected":false},"author":1,"featured_media":1120,"comment_status":"open","ping_status":"open","sticky":false,"template":"","format":"standard","meta":{"colormag_page_container_layout":"default_layout","colormag_page_sidebar_layout":"default_layout","footnotes":""},"categories":[19],"tags":[],"class_list":["post-1355","post","type-post","status-publish","format-standard","has-post-thumbnail","hentry","category-commerces"],"_links":{"self":[{"href":"https:\/\/jarnac-champagne.fr\/index.php\/wp-json\/wp\/v2\/posts\/1355","targetHints":{"allow":["GET"]}}],"collection":[{"href":"https:\/\/jarnac-champagne.fr\/index.php\/wp-json\/wp\/v2\/posts"}],"about":[{"href":"https:\/\/jarnac-champagne.fr\/index.php\/wp-json\/wp\/v2\/types\/post"}],"author":[{"embeddable":true,"href":"https:\/\/jarnac-champagne.fr\/index.php\/wp-json\/wp\/v2\/users\/1"}],"replies":[{"embeddable":true,"href":"https:\/\/jarnac-champagne.fr\/index.php\/wp-json\/wp\/v2\/comments?post=1355"}],"version-history":[{"count":2,"href":"https:\/\/jarnac-champagne.fr\/index.php\/wp-json\/wp\/v2\/posts\/1355\/revisions"}],"predecessor-version":[{"id":1361,"href":"https:\/\/jarnac-champagne.fr\/index.php\/wp-json\/wp\/v2\/posts\/1355\/revisions\/1361"}],"wp:featuredmedia":[{"embeddable":true,"href":"https:\/\/jarnac-champagne.fr\/index.php\/wp-json\/wp\/v2\/media\/1120"}],"wp:attachment":[{"href":"https:\/\/jarnac-champagne.fr\/index.php\/wp-json\/wp\/v2\/media?parent=1355"}],"wp:term":[{"taxonomy":"category","embeddable":true,"href":"https:\/\/jarnac-champagne.fr\/index.php\/wp-json\/wp\/v2\/categories?post=1355"},{"taxonomy":"post_tag","embeddable":true,"href":"https:\/\/jarnac-champagne.fr\/index.php\/wp-json\/wp\/v2\/tags?post=1355"}],"curies":[{"name":"wp","href":"https:\/\/api.w.org\/{rel}","templated":true}]}}