{"id":1377,"date":"2021-01-10T09:09:05","date_gmt":"2021-01-10T08:09:05","guid":{"rendered":"https:\/\/jarnac-champagne.fr\/\/\/?p=1377"},"modified":"2021-01-10T09:09:46","modified_gmt":"2021-01-10T08:09:46","slug":"masques-jetes-message-de-la-communaute-de-communes","status":"publish","type":"post","link":"https:\/\/jarnac-champagne.fr\/index.php\/2021\/01\/10\/masques-jetes-message-de-la-communaute-de-communes\/","title":{"rendered":"(Masques jet\u00e9s) Message de la Communaut\u00e9 des Communes"},"content":{"rendered":"\n<p>[COVID-19 : prot\u00e9gez les op\u00e9rateurs de tri&nbsp;<img loading=\"lazy\" decoding=\"async\" height=\"16\" width=\"16\" alt=\"\u26a0\ufe0f\" src=\"https:\/\/static.xx.fbcdn.net\/images\/emoji.php\/v9\/tdc\/1\/16\/26a0.png\">]<\/p>\n\n\n\n<p>Trop de masques sont encore retrouv\u00e9s dans les sacs jaunes : en 70 heures de tri seulement, l&rsquo;\u00e9quivalent de 23 kg, soit 500 litres, ont \u00e9t\u00e9 retrouv\u00e9s sur les tables du centre de tri d&rsquo;Atrion ! Pour limiter la propagation du virus et \u00e9viter de contaminer les op\u00e9rateurs de tri, les mouchoirs, gants et masques doivent \u00eatre exclusivement jet\u00e9s dans les sacs noirs, dans un sac pr\u00e9alablement ferm\u00e9.<\/p>\n\n\n\n<div class=\"wp-block-image is-style-default\"><figure class=\"aligncenter size-large\"><img loading=\"lazy\" decoding=\"async\" width=\"1024\" height=\"379\" src=\"https:\/\/jarnac-champagne.fr\/\/\/wp-content\/uploads\/2021\/01\/Tri_Covid-1024x379.jpg\" alt=\"\" class=\"wp-image-1378\" srcset=\"https:\/\/jarnac-champagne.fr\/wp-content\/uploads\/2021\/01\/Tri_Covid-1024x379.jpg 1024w, https:\/\/jarnac-champagne.fr\/wp-content\/uploads\/2021\/01\/Tri_Covid-300x111.jpg 300w, https:\/\/jarnac-champagne.fr\/wp-content\/uploads\/2021\/01\/Tri_Covid-768x285.jpg 768w, https:\/\/jarnac-champagne.fr\/wp-content\/uploads\/2021\/01\/Tri_Covid-1536x569.jpg 1536w, https:\/\/jarnac-champagne.fr\/wp-content\/uploads\/2021\/01\/Tri_Covid.jpg 1773w\" sizes=\"auto, (max-width: 1024px) 100vw, 1024px\" \/><\/figure><\/div>\n","protected":false},"excerpt":{"rendered":"<p>[COVID-19 : prot\u00e9gez les op\u00e9rateurs de tri&nbsp;] Trop de masques sont encore retrouv\u00e9s dans les sacs jaunes : en 70<\/p>\n","protected":false},"author":1,"featured_media":365,"comment_status":"open","ping_status":"open","sticky":false,"template":"","format":"standard","meta":{"colormag_page_container_layout":"default_layout","colormag_page_sidebar_layout":"default_layout","footnotes":""},"categories":[9],"tags":[],"class_list":["post-1377","post","type-post","status-publish","format-standard","has-post-thumbnail","hentry","category-informations-diverses"],"_links":{"self":[{"href":"https:\/\/jarnac-champagne.fr\/index.php\/wp-json\/wp\/v2\/posts\/1377","targetHints":{"allow":["GET"]}}],"collection":[{"href":"https:\/\/jarnac-champagne.fr\/index.php\/wp-json\/wp\/v2\/posts"}],"about":[{"href":"https:\/\/jarnac-champagne.fr\/index.php\/wp-json\/wp\/v2\/types\/post"}],"author":[{"embeddable":true,"href":"https:\/\/jarnac-champagne.fr\/index.php\/wp-json\/wp\/v2\/users\/1"}],"replies":[{"embeddable":true,"href":"https:\/\/jarnac-champagne.fr\/index.php\/wp-json\/wp\/v2\/comments?post=1377"}],"version-history":[{"count":2,"href":"https:\/\/jarnac-champagne.fr\/index.php\/wp-json\/wp\/v2\/posts\/1377\/revisions"}],"predecessor-version":[{"id":1380,"href":"https:\/\/jarnac-champagne.fr\/index.php\/wp-json\/wp\/v2\/posts\/1377\/revisions\/1380"}],"wp:featuredmedia":[{"embeddable":true,"href":"https:\/\/jarnac-champagne.fr\/index.php\/wp-json\/wp\/v2\/media\/365"}],"wp:attachment":[{"href":"https:\/\/jarnac-champagne.fr\/index.php\/wp-json\/wp\/v2\/media?parent=1377"}],"wp:term":[{"taxonomy":"category","embeddable":true,"href":"https:\/\/jarnac-champagne.fr\/index.php\/wp-json\/wp\/v2\/categories?post=1377"},{"taxonomy":"post_tag","embeddable":true,"href":"https:\/\/jarnac-champagne.fr\/index.php\/wp-json\/wp\/v2\/tags?post=1377"}],"curies":[{"name":"wp","href":"https:\/\/api.w.org\/{rel}","templated":true}]}}