{"id":1400,"date":"2021-01-14T21:46:30","date_gmt":"2021-01-14T20:46:30","guid":{"rendered":"https:\/\/jarnac-champagne.fr\/\/\/?p=1400"},"modified":"2021-01-14T21:56:22","modified_gmt":"2021-01-14T20:56:22","slug":"vaccination-en-charente-maritime","status":"publish","type":"post","link":"https:\/\/jarnac-champagne.fr\/index.php\/2021\/01\/14\/vaccination-en-charente-maritime\/","title":{"rendered":"Vaccination en Charente-Maritime"},"content":{"rendered":"\n<p>La campagne de vaccination contre la Covid-19 a d\u00e9but\u00e9 le 4 janvier dernier. Elle se poursuit avec l\u2019\u00e9largissement \u00e0 toutes les personnes de plus de 75 ans, ainsi qu\u2019\u00e0 celles qui sont susceptibles de d\u00e9velopper des formes graves de la COVID-19 en raison de leur pathologie. <\/p>\n\n\n\n<p>Elles pourront se faire vacciner dans l\u2019un des centres de vaccination qui ouvriront enCharente-Maritime \u00e0 partir du <strong><span class=\"has-inline-color has-pale-pink-color\">lundi 18 janvier<\/span><\/strong>, uniquement sur rendez-vous. <\/p>\n\n\n\n<p>En Charente-Maritime, la population des plus de 75 ans repr\u00e9sente plus de 82 000 personnes.<\/p>\n\n\n\n<p>La liste des centres de vaccination \u00e9voluera rapidement et sera progressivement mise \u00e0 jour sur le site<a href=\"http:\/\/www.sante.fr\" data-type=\"URL\" data-id=\"www.sante.fr\"> www.sante.fr<\/a>. <\/p>\n\n\n\n<p>Les modalit\u00e9s d\u2019acc\u00e8s (adresse-horaires) et les dispositifs de rendez-vous en ligne propos\u00e9s (Doctolib, Keldoc ou Maiia) seront indiqu\u00e9s pour chacun des centres.<\/p>\n\n\n\n<p>Toutes les personnes relevant des cat\u00e9gories prioritaires et qui souhaiteront \u00eatre vaccin\u00e9es le seront au cours des semaines \u00e0 venir. <\/p>\n\n\n\n<p>Toutefois, elles sont invit\u00e9es \u00e0 \u00e9taler leurs d\u00e9marches de prise de rendez-vous afin d\u2019\u00e9viter la saturation des plateformes t\u00e9l\u00e9phoniques et des sites internet.<\/p>\n\n\n\n<p><em>Source : Pr\u00e9fecture de la Charente-Maritime<\/em><\/p>\n\n\n\n<div class=\"wp-block-image is-style-default\"><figure class=\"aligncenter size-large\"><img loading=\"lazy\" decoding=\"async\" width=\"724\" height=\"1024\" src=\"https:\/\/jarnac-champagne.fr\/\/\/wp-content\/uploads\/2021\/01\/Carte-Vaccination-14-01-724x1024.jpg\" alt=\"\" class=\"wp-image-1401\" srcset=\"https:\/\/jarnac-champagne.fr\/wp-content\/uploads\/2021\/01\/Carte-Vaccination-14-01-724x1024.jpg 724w, https:\/\/jarnac-champagne.fr\/wp-content\/uploads\/2021\/01\/Carte-Vaccination-14-01-212x300.jpg 212w, https:\/\/jarnac-champagne.fr\/wp-content\/uploads\/2021\/01\/Carte-Vaccination-14-01-768x1086.jpg 768w, https:\/\/jarnac-champagne.fr\/wp-content\/uploads\/2021\/01\/Carte-Vaccination-14-01-1086x1536.jpg 1086w, https:\/\/jarnac-champagne.fr\/wp-content\/uploads\/2021\/01\/Carte-Vaccination-14-01.jpg 1240w\" sizes=\"auto, (max-width: 724px) 100vw, 724px\" \/><\/figure><\/div>\n","protected":false},"excerpt":{"rendered":"<p>La campagne de vaccination contre la Covid-19 a d\u00e9but\u00e9 le 4 janvier dernier. Elle se poursuit avec l\u2019\u00e9largissement \u00e0 toutes<\/p>\n","protected":false},"author":1,"featured_media":922,"comment_status":"open","ping_status":"open","sticky":false,"template":"","format":"standard","meta":{"colormag_page_container_layout":"default_layout","colormag_page_sidebar_layout":"default_layout","footnotes":""},"categories":[18],"tags":[],"class_list":["post-1400","post","type-post","status-publish","format-standard","has-post-thumbnail","hentry","category-infos-sante"],"_links":{"self":[{"href":"https:\/\/jarnac-champagne.fr\/index.php\/wp-json\/wp\/v2\/posts\/1400","targetHints":{"allow":["GET"]}}],"collection":[{"href":"https:\/\/jarnac-champagne.fr\/index.php\/wp-json\/wp\/v2\/posts"}],"about":[{"href":"https:\/\/jarnac-champagne.fr\/index.php\/wp-json\/wp\/v2\/types\/post"}],"author":[{"embeddable":true,"href":"https:\/\/jarnac-champagne.fr\/index.php\/wp-json\/wp\/v2\/users\/1"}],"replies":[{"embeddable":true,"href":"https:\/\/jarnac-champagne.fr\/index.php\/wp-json\/wp\/v2\/comments?post=1400"}],"version-history":[{"count":2,"href":"https:\/\/jarnac-champagne.fr\/index.php\/wp-json\/wp\/v2\/posts\/1400\/revisions"}],"predecessor-version":[{"id":1405,"href":"https:\/\/jarnac-champagne.fr\/index.php\/wp-json\/wp\/v2\/posts\/1400\/revisions\/1405"}],"wp:featuredmedia":[{"embeddable":true,"href":"https:\/\/jarnac-champagne.fr\/index.php\/wp-json\/wp\/v2\/media\/922"}],"wp:attachment":[{"href":"https:\/\/jarnac-champagne.fr\/index.php\/wp-json\/wp\/v2\/media?parent=1400"}],"wp:term":[{"taxonomy":"category","embeddable":true,"href":"https:\/\/jarnac-champagne.fr\/index.php\/wp-json\/wp\/v2\/categories?post=1400"},{"taxonomy":"post_tag","embeddable":true,"href":"https:\/\/jarnac-champagne.fr\/index.php\/wp-json\/wp\/v2\/tags?post=1400"}],"curies":[{"name":"wp","href":"https:\/\/api.w.org\/{rel}","templated":true}]}}