{"id":142,"date":"2020-03-01T10:01:14","date_gmt":"2020-03-01T09:01:14","guid":{"rendered":"https:\/\/jarnac-champagne.fr\/\/\/?p=142"},"modified":"2020-03-01T10:21:34","modified_gmt":"2020-03-01T09:21:34","slug":"alerte-vents-violents","status":"publish","type":"post","link":"https:\/\/jarnac-champagne.fr\/index.php\/2020\/03\/01\/alerte-vents-violents\/","title":{"rendered":"ALERTE VENTS VIOLENTS !"},"content":{"rendered":"\n<p>Le <strong>d\u00e9partement est plac\u00e9 en vigilance Orange pour vent et en jaune pour orages et crues <\/strong>en  raison d&rsquo;une temp\u00eate hivernale qui arrive sur le d\u00e9partement \u00e0 compter  de <strong>9h ce dimanche 1er mars<\/strong> et qui devrait durer toute la journ\u00e9e.<\/p>\n\n\n\n<p>  <strong>Les rafales attendues sont comprises entre 100 et 110 km\/h dans les  terres<\/strong>, 110 \u00e0 120 km\/h sur la partie c\u00f4ti\u00e8re charentaise. La d\u00e9pression  s&rsquo;accompagne de pluies ou averses orageuses parfois soutenues.<\/p>\n\n\n\n<p> \u25b6\ufe0f CONSEQUENCES POSSIBLES<br>\n &#8211; Des coupures d&rsquo;\u00e9lectricit\u00e9 et de t\u00e9l\u00e9phone peuvent affecter les \nr\u00e9seaux de distribution pendant des dur\u00e9es relativement importantes.<br> &#8211; Les toitures et les chemin\u00e9es peuvent \u00eatre endommag\u00e9es.<br> &#8211; Des branches d&rsquo;arbre risquent de se rompre. Les v\u00e9hicules peuvent \u00eatre d\u00e9port\u00e9s.<br> &#8211; La circulation routi\u00e8re peut \u00eatre perturb\u00e9e, en particulier sur le r\u00e9seau secondaire en zone foresti\u00e8re.<br> &#8211; Quelques d\u00e9g\u00e2ts peuvent affecter les r\u00e9seaux de distribution d&rsquo;\u00e9lectricit\u00e9 et de t\u00e9l\u00e9phone.<\/p>\n\n\n\n<p> \u2705 RECOMMANDATIONS <br>  &#8211; Limitez vos d\u00e9placements. Limitez votre vitesse sur route et  autoroute, en particulier si vous conduisez un v\u00e9hicule ou attelage  sensible aux effets du vent.<br> &#8211; Ne vous promenez pas en for\u00eat [et sur le littoral].<br> &#8211; En ville, soyez vigilants face aux chutes possibles d&rsquo;objets divers.<br> &#8211; N&rsquo;intervenez pas sur les toitures et ne touchez en aucun cas \u00e0 des fils \u00e9lectriques tomb\u00e9s au sol.<br> &#8211; Rangez ou fixez les objets sensibles aux effets du vent ou susceptibles d&rsquo;\u00eatre endommag\u00e9s.<br> &#8211; Installez imp\u00e9rativement les groupes \u00e9lectrog\u00e8nes \u00e0 l&rsquo;ext\u00e9rieur des b\u00e2timents.<\/p>\n\n\n\n<figure class=\"wp-block-image size-large\"><img loading=\"lazy\" decoding=\"async\" width=\"811\" height=\"960\" src=\"https:\/\/jarnac-champagne.fr\/\/\/wp-content\/uploads\/2020\/03\/Vents_Violents.jpg\" alt=\"\" class=\"wp-image-143\" srcset=\"https:\/\/jarnac-champagne.fr\/wp-content\/uploads\/2020\/03\/Vents_Violents.jpg 811w, https:\/\/jarnac-champagne.fr\/wp-content\/uploads\/2020\/03\/Vents_Violents-253x300.jpg 253w, https:\/\/jarnac-champagne.fr\/wp-content\/uploads\/2020\/03\/Vents_Violents-768x909.jpg 768w\" sizes=\"auto, (max-width: 811px) 100vw, 811px\" \/><\/figure>\n","protected":false},"excerpt":{"rendered":"<p>Le d\u00e9partement est plac\u00e9 en vigilance Orange pour vent et en jaune pour orages et crues en raison d&rsquo;une temp\u00eate<\/p>\n","protected":false},"author":1,"featured_media":105,"comment_status":"open","ping_status":"open","sticky":false,"template":"","format":"standard","meta":{"colormag_page_container_layout":"default_layout","colormag_page_sidebar_layout":"default_layout","footnotes":""},"categories":[4],"tags":[],"class_list":["post-142","post","type-post","status-publish","format-standard","has-post-thumbnail","hentry","category-infos-mairie"],"_links":{"self":[{"href":"https:\/\/jarnac-champagne.fr\/index.php\/wp-json\/wp\/v2\/posts\/142","targetHints":{"allow":["GET"]}}],"collection":[{"href":"https:\/\/jarnac-champagne.fr\/index.php\/wp-json\/wp\/v2\/posts"}],"about":[{"href":"https:\/\/jarnac-champagne.fr\/index.php\/wp-json\/wp\/v2\/types\/post"}],"author":[{"embeddable":true,"href":"https:\/\/jarnac-champagne.fr\/index.php\/wp-json\/wp\/v2\/users\/1"}],"replies":[{"embeddable":true,"href":"https:\/\/jarnac-champagne.fr\/index.php\/wp-json\/wp\/v2\/comments?post=142"}],"version-history":[{"count":1,"href":"https:\/\/jarnac-champagne.fr\/index.php\/wp-json\/wp\/v2\/posts\/142\/revisions"}],"predecessor-version":[{"id":144,"href":"https:\/\/jarnac-champagne.fr\/index.php\/wp-json\/wp\/v2\/posts\/142\/revisions\/144"}],"wp:featuredmedia":[{"embeddable":true,"href":"https:\/\/jarnac-champagne.fr\/index.php\/wp-json\/wp\/v2\/media\/105"}],"wp:attachment":[{"href":"https:\/\/jarnac-champagne.fr\/index.php\/wp-json\/wp\/v2\/media?parent=142"}],"wp:term":[{"taxonomy":"category","embeddable":true,"href":"https:\/\/jarnac-champagne.fr\/index.php\/wp-json\/wp\/v2\/categories?post=142"},{"taxonomy":"post_tag","embeddable":true,"href":"https:\/\/jarnac-champagne.fr\/index.php\/wp-json\/wp\/v2\/tags?post=142"}],"curies":[{"name":"wp","href":"https:\/\/api.w.org\/{rel}","templated":true}]}}