{"id":1424,"date":"2021-01-19T22:18:48","date_gmt":"2021-01-19T21:18:48","guid":{"rendered":"https:\/\/jarnac-champagne.fr\/\/\/?p=1424"},"modified":"2021-01-19T22:18:48","modified_gmt":"2021-01-19T21:18:48","slug":"broyage-des-branches","status":"publish","type":"post","link":"https:\/\/jarnac-champagne.fr\/index.php\/2021\/01\/19\/broyage-des-branches\/","title":{"rendered":"Broyage des branches"},"content":{"rendered":"\n<p>Cette semaine, nos agents sont occup\u00e9s au broyage des nombreuses tailles effectu\u00e9es les semaines pr\u00e9c\u00e9dentes. Quel sera le volume de broyat r\u00e9colt\u00e9 ? Avant d&rsquo;acqu\u00e9rir ce mat\u00e9riel, le conseil municipal a opt\u00e9 pour une location du mat\u00e9riel.<\/p>\n\n\n\n<p>La r\u00e9ponse tr\u00e8s prochainement.<\/p>\n\n\n\n<p>Dans un premier temps, il sera utilis\u00e9 pour pailler les massifs et autres plantations sur la commune.<\/p>\n\n\n\n<figure class=\"wp-block-gallery columns-2 is-cropped wp-block-gallery-1 is-layout-flex wp-block-gallery-is-layout-flex\"><ul class=\"blocks-gallery-grid\"><li class=\"blocks-gallery-item\"><figure><img loading=\"lazy\" decoding=\"async\" width=\"768\" height=\"1024\" src=\"https:\/\/jarnac-champagne.fr\/\/\/wp-content\/uploads\/2021\/01\/Broyeur_20211.jpg\" alt=\"\" data-id=\"1432\" data-full-url=\"https:\/\/jarnac-champagne.fr\/\/\/wp-content\/uploads\/2021\/01\/Broyeur_20211.jpg\" data-link=\"https:\/\/jarnac-champagne.fr\/\/\/?attachment_id=1432\" class=\"wp-image-1432\" srcset=\"https:\/\/jarnac-champagne.fr\/wp-content\/uploads\/2021\/01\/Broyeur_20211.jpg 768w, https:\/\/jarnac-champagne.fr\/wp-content\/uploads\/2021\/01\/Broyeur_20211-225x300.jpg 225w\" sizes=\"auto, (max-width: 768px) 100vw, 768px\" \/><\/figure><\/li><li class=\"blocks-gallery-item\"><figure><img loading=\"lazy\" decoding=\"async\" width=\"768\" height=\"1024\" src=\"https:\/\/jarnac-champagne.fr\/\/\/wp-content\/uploads\/2021\/01\/Broyeur_20212.jpg\" alt=\"\" data-id=\"1433\" data-full-url=\"https:\/\/jarnac-champagne.fr\/\/\/wp-content\/uploads\/2021\/01\/Broyeur_20212.jpg\" data-link=\"https:\/\/jarnac-champagne.fr\/\/\/?attachment_id=1433\" class=\"wp-image-1433\" srcset=\"https:\/\/jarnac-champagne.fr\/wp-content\/uploads\/2021\/01\/Broyeur_20212.jpg 768w, https:\/\/jarnac-champagne.fr\/wp-content\/uploads\/2021\/01\/Broyeur_20212-225x300.jpg 225w\" sizes=\"auto, (max-width: 768px) 100vw, 768px\" \/><\/figure><\/li><\/ul><\/figure>\n","protected":false},"excerpt":{"rendered":"<p>Cette semaine, nos agents sont occup\u00e9s au broyage des nombreuses tailles effectu\u00e9es les semaines pr\u00e9c\u00e9dentes. Quel sera le volume de<\/p>\n","protected":false},"author":1,"featured_media":105,"comment_status":"open","ping_status":"open","sticky":false,"template":"","format":"standard","meta":{"colormag_page_container_layout":"default_layout","colormag_page_sidebar_layout":"default_layout","footnotes":""},"categories":[4],"tags":[],"class_list":["post-1424","post","type-post","status-publish","format-standard","has-post-thumbnail","hentry","category-infos-mairie"],"_links":{"self":[{"href":"https:\/\/jarnac-champagne.fr\/index.php\/wp-json\/wp\/v2\/posts\/1424","targetHints":{"allow":["GET"]}}],"collection":[{"href":"https:\/\/jarnac-champagne.fr\/index.php\/wp-json\/wp\/v2\/posts"}],"about":[{"href":"https:\/\/jarnac-champagne.fr\/index.php\/wp-json\/wp\/v2\/types\/post"}],"author":[{"embeddable":true,"href":"https:\/\/jarnac-champagne.fr\/index.php\/wp-json\/wp\/v2\/users\/1"}],"replies":[{"embeddable":true,"href":"https:\/\/jarnac-champagne.fr\/index.php\/wp-json\/wp\/v2\/comments?post=1424"}],"version-history":[{"count":1,"href":"https:\/\/jarnac-champagne.fr\/index.php\/wp-json\/wp\/v2\/posts\/1424\/revisions"}],"predecessor-version":[{"id":1434,"href":"https:\/\/jarnac-champagne.fr\/index.php\/wp-json\/wp\/v2\/posts\/1424\/revisions\/1434"}],"wp:featuredmedia":[{"embeddable":true,"href":"https:\/\/jarnac-champagne.fr\/index.php\/wp-json\/wp\/v2\/media\/105"}],"wp:attachment":[{"href":"https:\/\/jarnac-champagne.fr\/index.php\/wp-json\/wp\/v2\/media?parent=1424"}],"wp:term":[{"taxonomy":"category","embeddable":true,"href":"https:\/\/jarnac-champagne.fr\/index.php\/wp-json\/wp\/v2\/categories?post=1424"},{"taxonomy":"post_tag","embeddable":true,"href":"https:\/\/jarnac-champagne.fr\/index.php\/wp-json\/wp\/v2\/tags?post=1424"}],"curies":[{"name":"wp","href":"https:\/\/api.w.org\/{rel}","templated":true}]}}