{"id":1460,"date":"2021-02-07T22:24:55","date_gmt":"2021-02-07T21:24:55","guid":{"rendered":"https:\/\/jarnac-champagne.fr\/\/\/?p=1460"},"modified":"2021-02-07T22:24:56","modified_gmt":"2021-02-07T21:24:56","slug":"recyclage-des-pneus-agricoles","status":"publish","type":"post","link":"https:\/\/jarnac-champagne.fr\/index.php\/2021\/02\/07\/recyclage-des-pneus-agricoles\/","title":{"rendered":"Recyclage des pneus agricoles"},"content":{"rendered":"\n<p>Les Chambres d&rsquo;agriculture de la Charente-Maritime et des Deux-S\u00e8vres et leurs partenaires ont la volont\u00e9 d&rsquo;organiser une op\u00e9ration de recyclage des pneus agricoles usag\u00e9s en regroupant les gisements du 17 et du 79.<\/p>\n\n\n\n<p>Nous invitons les agriculteurs \u00e0 r\u00e9pondre \u00e0 cette courte enqu\u00eate afin d&rsquo;appr\u00e9cier le plus pr\u00e9cis\u00e9ment possible les gisements&nbsp;<\/p>\n\n\n\n<p>Il suffit pour cela de repondre au questionnaire d&rsquo;enqu\u00eate sur le site internet de la chambre d&rsquo;agriculture \u00e0 l&rsquo;adresse ci-dessous<\/p>\n\n\n\n<p><a href=\"https:\/\/charente-maritime.chambre-agriculture.fr\/environnement\/recyclage-des-dechets\/pneus\/\">https:\/\/charente-maritime.chambre-agriculture.fr\/environnement\/recyclage-des-dechets\/pneus\/<\/a><\/p>\n\n\n\n<p>L&rsquo;id\u00e9e est de recenser le gisement des vieux pneus d&rsquo;engins agricoles et ceux qui ont \u00e9t\u00e9 utilis\u00e9s \u00e0 maintenir les b\u00e2ches d&rsquo;ensilage.<\/p>\n\n\n\n<p>R\u00e9ponse avant le <strong>19 mars 2021<\/strong>.<\/p>\n","protected":false},"excerpt":{"rendered":"<p>Les Chambres d&rsquo;agriculture de la Charente-Maritime et des Deux-S\u00e8vres et leurs partenaires ont la volont\u00e9 d&rsquo;organiser une op\u00e9ration de recyclage<\/p>\n","protected":false},"author":1,"featured_media":365,"comment_status":"open","ping_status":"open","sticky":false,"template":"","format":"standard","meta":{"colormag_page_container_layout":"default_layout","colormag_page_sidebar_layout":"default_layout","footnotes":""},"categories":[9],"tags":[],"class_list":["post-1460","post","type-post","status-publish","format-standard","has-post-thumbnail","hentry","category-informations-diverses"],"_links":{"self":[{"href":"https:\/\/jarnac-champagne.fr\/index.php\/wp-json\/wp\/v2\/posts\/1460","targetHints":{"allow":["GET"]}}],"collection":[{"href":"https:\/\/jarnac-champagne.fr\/index.php\/wp-json\/wp\/v2\/posts"}],"about":[{"href":"https:\/\/jarnac-champagne.fr\/index.php\/wp-json\/wp\/v2\/types\/post"}],"author":[{"embeddable":true,"href":"https:\/\/jarnac-champagne.fr\/index.php\/wp-json\/wp\/v2\/users\/1"}],"replies":[{"embeddable":true,"href":"https:\/\/jarnac-champagne.fr\/index.php\/wp-json\/wp\/v2\/comments?post=1460"}],"version-history":[{"count":1,"href":"https:\/\/jarnac-champagne.fr\/index.php\/wp-json\/wp\/v2\/posts\/1460\/revisions"}],"predecessor-version":[{"id":1461,"href":"https:\/\/jarnac-champagne.fr\/index.php\/wp-json\/wp\/v2\/posts\/1460\/revisions\/1461"}],"wp:featuredmedia":[{"embeddable":true,"href":"https:\/\/jarnac-champagne.fr\/index.php\/wp-json\/wp\/v2\/media\/365"}],"wp:attachment":[{"href":"https:\/\/jarnac-champagne.fr\/index.php\/wp-json\/wp\/v2\/media?parent=1460"}],"wp:term":[{"taxonomy":"category","embeddable":true,"href":"https:\/\/jarnac-champagne.fr\/index.php\/wp-json\/wp\/v2\/categories?post=1460"},{"taxonomy":"post_tag","embeddable":true,"href":"https:\/\/jarnac-champagne.fr\/index.php\/wp-json\/wp\/v2\/tags?post=1460"}],"curies":[{"name":"wp","href":"https:\/\/api.w.org\/{rel}","templated":true}]}}