{"id":1472,"date":"2021-02-13T10:27:57","date_gmt":"2021-02-13T09:27:57","guid":{"rendered":"https:\/\/jarnac-champagne.fr\/\/\/?p=1472"},"modified":"2021-02-13T10:28:39","modified_gmt":"2021-02-13T09:28:39","slug":"des-bons-dachat-pour-nos-aines","status":"publish","type":"post","link":"https:\/\/jarnac-champagne.fr\/index.php\/2021\/02\/13\/des-bons-dachat-pour-nos-aines\/","title":{"rendered":"Des bons d&rsquo;achat pour nos a\u00een\u00e9s"},"content":{"rendered":"\n<p><strong>La commune offre des bons d\u2019achat \u00e0 ses a\u00een\u00e9s et soutient ainsi ses commerces de proximit\u00e9.<\/strong><\/p>\n\n\n\n<p>L\u2019ann\u00e9e 2020 a \u00e9t\u00e9 une ann\u00e9e particuli\u00e8rement difficile. En effet, la pand\u00e9mie a mis un coup de frein \u00e0 toutes les activit\u00e9s que ce soit pour les commer\u00e7ants et artisans mais aussi pour les associations sportives, culturelles ou de loisirs.<\/p>\n\n\n\n<p>Le contexte sanitaire a pes\u00e9 lourd sur le moral de tous et particuli\u00e8rement sur celui des a\u00een\u00e9s qui ont \u00e9t\u00e9 priv\u00e9s de leurs moments de loisirs, de rencontres et de convivialit\u00e9, comme la pr\u00e9sentation des v\u0153ux et le traditionnel repas des anciens. Ils n\u2019ont cependant \u00e0 aucun moment \u00e9t\u00e9 oubli\u00e9s et en ce d\u00e9but d\u2019ann\u00e9e, la municipalit\u00e9 a tenu \u00e0 leur t\u00e9moigner son soutien par une initiative originale qui fut appr\u00e9ci\u00e9e par les destinataires. Fin janvier, des \u00e9lus sont all\u00e9s \u00e0 la rencontre des Jarnacais de 75 ans et plus pour leur remettre un bon d\u2019achat \u00e0 utiliser dans les commerces locaux et ce jusqu\u2019au 31 mars .<\/p>\n\n\n\n<p>Si certains n\u2019ont pas eu leur bon d\u2019achat, ils peuvent le r\u00e9clamer aupr\u00e8s de la mairie, l\u2019oubli sera r\u00e9par\u00e9.<\/p>\n\n\n\n<figure class=\"wp-block-gallery columns-2 is-cropped wp-block-gallery-1 is-layout-flex wp-block-gallery-is-layout-flex\"><ul class=\"blocks-gallery-grid\"><li class=\"blocks-gallery-item\"><figure><img loading=\"lazy\" decoding=\"async\" width=\"768\" height=\"1024\" src=\"https:\/\/jarnac-champagne.fr\/\/\/wp-content\/uploads\/2021\/02\/Bons_Achat1-768x1024.jpg\" alt=\"\" data-id=\"1474\" data-full-url=\"https:\/\/jarnac-champagne.fr\/\/\/wp-content\/uploads\/2021\/02\/Bons_Achat1.jpg\" data-link=\"https:\/\/jarnac-champagne.fr\/\/\/index.php\/2021\/02\/13\/des-bons-dachat-pour-nos-aines\/bons_achat1\/\" class=\"wp-image-1474\" srcset=\"https:\/\/jarnac-champagne.fr\/wp-content\/uploads\/2021\/02\/Bons_Achat1-768x1024.jpg 768w, https:\/\/jarnac-champagne.fr\/wp-content\/uploads\/2021\/02\/Bons_Achat1-225x300.jpg 225w, https:\/\/jarnac-champagne.fr\/wp-content\/uploads\/2021\/02\/Bons_Achat1.jpg 960w\" sizes=\"auto, (max-width: 768px) 100vw, 768px\" \/><\/figure><\/li><li class=\"blocks-gallery-item\"><figure><img loading=\"lazy\" decoding=\"async\" width=\"768\" height=\"1024\" src=\"https:\/\/jarnac-champagne.fr\/\/\/wp-content\/uploads\/2021\/02\/Bons_Achat2-768x1024.jpg\" alt=\"\" data-id=\"1475\" data-full-url=\"https:\/\/jarnac-champagne.fr\/\/\/wp-content\/uploads\/2021\/02\/Bons_Achat2.jpg\" data-link=\"https:\/\/jarnac-champagne.fr\/\/\/index.php\/2021\/02\/13\/des-bons-dachat-pour-nos-aines\/bons_achat2\/\" class=\"wp-image-1475\" srcset=\"https:\/\/jarnac-champagne.fr\/wp-content\/uploads\/2021\/02\/Bons_Achat2-768x1024.jpg 768w, https:\/\/jarnac-champagne.fr\/wp-content\/uploads\/2021\/02\/Bons_Achat2-225x300.jpg 225w, https:\/\/jarnac-champagne.fr\/wp-content\/uploads\/2021\/02\/Bons_Achat2.jpg 960w\" sizes=\"auto, (max-width: 768px) 100vw, 768px\" \/><\/figure><\/li><\/ul><\/figure>\n","protected":false},"excerpt":{"rendered":"<p>La commune offre des bons d\u2019achat \u00e0 ses a\u00een\u00e9s et soutient ainsi ses commerces de proximit\u00e9. L\u2019ann\u00e9e 2020 a \u00e9t\u00e9<\/p>\n","protected":false},"author":1,"featured_media":105,"comment_status":"open","ping_status":"open","sticky":false,"template":"","format":"standard","meta":{"colormag_page_container_layout":"default_layout","colormag_page_sidebar_layout":"default_layout","footnotes":""},"categories":[4],"tags":[],"class_list":["post-1472","post","type-post","status-publish","format-standard","has-post-thumbnail","hentry","category-infos-mairie"],"_links":{"self":[{"href":"https:\/\/jarnac-champagne.fr\/index.php\/wp-json\/wp\/v2\/posts\/1472","targetHints":{"allow":["GET"]}}],"collection":[{"href":"https:\/\/jarnac-champagne.fr\/index.php\/wp-json\/wp\/v2\/posts"}],"about":[{"href":"https:\/\/jarnac-champagne.fr\/index.php\/wp-json\/wp\/v2\/types\/post"}],"author":[{"embeddable":true,"href":"https:\/\/jarnac-champagne.fr\/index.php\/wp-json\/wp\/v2\/users\/1"}],"replies":[{"embeddable":true,"href":"https:\/\/jarnac-champagne.fr\/index.php\/wp-json\/wp\/v2\/comments?post=1472"}],"version-history":[{"count":2,"href":"https:\/\/jarnac-champagne.fr\/index.php\/wp-json\/wp\/v2\/posts\/1472\/revisions"}],"predecessor-version":[{"id":1477,"href":"https:\/\/jarnac-champagne.fr\/index.php\/wp-json\/wp\/v2\/posts\/1472\/revisions\/1477"}],"wp:featuredmedia":[{"embeddable":true,"href":"https:\/\/jarnac-champagne.fr\/index.php\/wp-json\/wp\/v2\/media\/105"}],"wp:attachment":[{"href":"https:\/\/jarnac-champagne.fr\/index.php\/wp-json\/wp\/v2\/media?parent=1472"}],"wp:term":[{"taxonomy":"category","embeddable":true,"href":"https:\/\/jarnac-champagne.fr\/index.php\/wp-json\/wp\/v2\/categories?post=1472"},{"taxonomy":"post_tag","embeddable":true,"href":"https:\/\/jarnac-champagne.fr\/index.php\/wp-json\/wp\/v2\/tags?post=1472"}],"curies":[{"name":"wp","href":"https:\/\/api.w.org\/{rel}","templated":true}]}}