{"id":1505,"date":"2021-02-25T15:52:56","date_gmt":"2021-02-25T14:52:56","guid":{"rendered":"https:\/\/jarnac-champagne.fr\/\/\/?p=1505"},"modified":"2021-02-25T15:52:57","modified_gmt":"2021-02-25T14:52:57","slug":"journee-dinformations-agrocampus","status":"publish","type":"post","link":"https:\/\/jarnac-champagne.fr\/index.php\/2021\/02\/25\/journee-dinformations-agrocampus\/","title":{"rendered":"Journ\u00e9e d&rsquo;informations Agrocampus"},"content":{"rendered":"\n<div class=\"wp-block-image\"><figure class=\"aligncenter size-large\"><img loading=\"lazy\" decoding=\"async\" width=\"678\" height=\"960\" src=\"https:\/\/jarnac-champagne.fr\/\/\/wp-content\/uploads\/2021\/02\/153620657_263151585181336_8671873606865413978_n.jpg\" alt=\"\" class=\"wp-image-1506\" srcset=\"https:\/\/jarnac-champagne.fr\/wp-content\/uploads\/2021\/02\/153620657_263151585181336_8671873606865413978_n.jpg 678w, https:\/\/jarnac-champagne.fr\/wp-content\/uploads\/2021\/02\/153620657_263151585181336_8671873606865413978_n-212x300.jpg 212w\" sizes=\"auto, (max-width: 678px) 100vw, 678px\" \/><\/figure><\/div>\n\n\n\n<p>L\u2019Agrocampus de Saintonge organise une journ\u00e9e d&rsquo;informations, sur rendez-vous, le samedi 6 mars 2021 de 9h \u00e0 17h sur les trois sites de Chadignac, Saintes et Jonzac.<\/p>\n\n\n\n<p>Pour prendre RDV, merci de contacter directement les \u00e9tablissements en pr\u00e9cisant vos v\u0153ux : <\/p>\n\n\n\n<p><img loading=\"lazy\" decoding=\"async\" width=\"16\" height=\"16\" src=\"https:\/\/ci6.googleusercontent.com\/proxy\/ymIdzVvNDja7ryYf9mY3WV1Ema049m8Q89T9tMRxM4ncsIO2leRZGRpdEhNPcAfdf2Jf4BNa8dQ5Pvlg9Gejde-_BGisUJY2vYTjzHohXjCwpQ=s0-d-e1-ft#https:\/\/www.facebook.com\/images\/emoji.php\/v9\/t4d\/1\/16\/1f4de.png\" alt=\"\"> Lyc\u00e9e Georges Desclaude (05 46 93 31 22)<\/p>\n\n\n\n<p> <img loading=\"lazy\" decoding=\"async\" width=\"16\" height=\"16\" src=\"https:\/\/ci6.googleusercontent.com\/proxy\/ymIdzVvNDja7ryYf9mY3WV1Ema049m8Q89T9tMRxM4ncsIO2leRZGRpdEhNPcAfdf2Jf4BNa8dQ5Pvlg9Gejde-_BGisUJY2vYTjzHohXjCwpQ=s0-d-e1-ft#https:\/\/www.facebook.com\/images\/emoji.php\/v9\/t4d\/1\/16\/1f4de.png\" alt=\"\"> Lyc\u00e9e Le Petit Chadignac (05 46 74 32 77)<\/p>\n\n\n\n<p> <img loading=\"lazy\" decoding=\"async\" width=\"16\" height=\"16\" src=\"https:\/\/ci6.googleusercontent.com\/proxy\/ymIdzVvNDja7ryYf9mY3WV1Ema049m8Q89T9tMRxM4ncsIO2leRZGRpdEhNPcAfdf2Jf4BNa8dQ5Pvlg9Gejde-_BGisUJY2vYTjzHohXjCwpQ=s0-d-e1-ft#https:\/\/www.facebook.com\/images\/emoji.php\/v9\/t4d\/1\/16\/1f4de.png\" alt=\"\"> Lyc\u00e9e Le Renaudin (05 46 48 04 44)<\/p>\n\n\n\n<p> <img loading=\"lazy\" decoding=\"async\" width=\"16\" height=\"16\" src=\"https:\/\/ci6.googleusercontent.com\/proxy\/ymIdzVvNDja7ryYf9mY3WV1Ema049m8Q89T9tMRxM4ncsIO2leRZGRpdEhNPcAfdf2Jf4BNa8dQ5Pvlg9Gejde-_BGisUJY2vYTjzHohXjCwpQ=s0-d-e1-ft#https:\/\/www.facebook.com\/images\/emoji.php\/v9\/t4d\/1\/16\/1f4de.png\" alt=\"\"> CFAA17 (apprentis) (05 46 93 28 79) <\/p>\n\n\n\n<p><img loading=\"lazy\" decoding=\"async\" width=\"16\" height=\"16\" src=\"https:\/\/ci6.googleusercontent.com\/proxy\/ymIdzVvNDja7ryYf9mY3WV1Ema049m8Q89T9tMRxM4ncsIO2leRZGRpdEhNPcAfdf2Jf4BNa8dQ5Pvlg9Gejde-_BGisUJY2vYTjzHohXjCwpQ=s0-d-e1-ft#https:\/\/www.facebook.com\/images\/emoji.php\/v9\/t4d\/1\/16\/1f4de.png\" alt=\"\"> CFPPA (adultes) (05 46 93 28 79) \u00a0 Site de CHADIGNAC 1, LE PETIT CHADIGNAC 17100 SAINTES <\/p>\n\n\n\n<p>Site de SAINTES RUE GEORGES DESCLAUDE 17100 SAINTES <\/p>\n\n\n\n<p>Site de JONZAC RTE DE COGNAC 17500 ST GERMAIN DE LUSIGNAN<\/p>\n\n\n\n<p><\/p>\n","protected":false},"excerpt":{"rendered":"<p>L\u2019Agrocampus de Saintonge organise une journ\u00e9e d&rsquo;informations, sur rendez-vous, le samedi 6 mars 2021 de 9h \u00e0 17h sur les<\/p>\n","protected":false},"author":1,"featured_media":365,"comment_status":"open","ping_status":"open","sticky":false,"template":"","format":"standard","meta":{"colormag_page_container_layout":"default_layout","colormag_page_sidebar_layout":"default_layout","footnotes":""},"categories":[9],"tags":[],"class_list":["post-1505","post","type-post","status-publish","format-standard","has-post-thumbnail","hentry","category-informations-diverses"],"_links":{"self":[{"href":"https:\/\/jarnac-champagne.fr\/index.php\/wp-json\/wp\/v2\/posts\/1505","targetHints":{"allow":["GET"]}}],"collection":[{"href":"https:\/\/jarnac-champagne.fr\/index.php\/wp-json\/wp\/v2\/posts"}],"about":[{"href":"https:\/\/jarnac-champagne.fr\/index.php\/wp-json\/wp\/v2\/types\/post"}],"author":[{"embeddable":true,"href":"https:\/\/jarnac-champagne.fr\/index.php\/wp-json\/wp\/v2\/users\/1"}],"replies":[{"embeddable":true,"href":"https:\/\/jarnac-champagne.fr\/index.php\/wp-json\/wp\/v2\/comments?post=1505"}],"version-history":[{"count":1,"href":"https:\/\/jarnac-champagne.fr\/index.php\/wp-json\/wp\/v2\/posts\/1505\/revisions"}],"predecessor-version":[{"id":1507,"href":"https:\/\/jarnac-champagne.fr\/index.php\/wp-json\/wp\/v2\/posts\/1505\/revisions\/1507"}],"wp:featuredmedia":[{"embeddable":true,"href":"https:\/\/jarnac-champagne.fr\/index.php\/wp-json\/wp\/v2\/media\/365"}],"wp:attachment":[{"href":"https:\/\/jarnac-champagne.fr\/index.php\/wp-json\/wp\/v2\/media?parent=1505"}],"wp:term":[{"taxonomy":"category","embeddable":true,"href":"https:\/\/jarnac-champagne.fr\/index.php\/wp-json\/wp\/v2\/categories?post=1505"},{"taxonomy":"post_tag","embeddable":true,"href":"https:\/\/jarnac-champagne.fr\/index.php\/wp-json\/wp\/v2\/tags?post=1505"}],"curies":[{"name":"wp","href":"https:\/\/api.w.org\/{rel}","templated":true}]}}