{"id":1530,"date":"2021-03-07T20:32:18","date_gmt":"2021-03-07T19:32:18","guid":{"rendered":"https:\/\/jarnac-champagne.fr\/\/\/?p=1530"},"modified":"2021-03-07T20:32:19","modified_gmt":"2021-03-07T19:32:19","slug":"feux-en-exterieur-et-usages-du-feu-en-charente-maritime","status":"publish","type":"post","link":"https:\/\/jarnac-champagne.fr\/index.php\/2021\/03\/07\/feux-en-exterieur-et-usages-du-feu-en-charente-maritime\/","title":{"rendered":"Feux en ext\u00e9rieur et usages du feu en Charente-Maritime"},"content":{"rendered":"\n<p><strong>En Charente-Maritime, l\u2019emploi du feu \u00e0 l\u2019ext\u00e9rieur est strictement r\u00e9glement\u00e9 par <a href=\"https:\/\/www.charente-maritime.gouv.fr\/Politiques-publiques\/Securite\/Securite-civile\/Prevention-des-feux-de-foret\/Reglementation-des-feux-en-exterieur\/Arrete-prefectoral-n-2020-12-02-AP20EP767-usage-du-feu\">l\u2019arr\u00eat\u00e9 pr\u00e9fectoral AP20EB767 du 02\/12\/2020<\/a> . Cette r\u00e9glementation s\u2019applique dans tout le d\u00e9partement et concerne tous les usages du feu.<\/strong><\/p>\n\n\n\n<p>Plus d&rsquo;informations, sur : <a href=\"https:\/\/www.charente-maritime.gouv.fr\/Politiques-publiques\/Securite\/Securite-civile\/Prevention-des-feux-de-foret\/Reglementation-des-feux-en-exterieur\">https:\/\/www.charente-maritime.gouv.fr\/Politiques-publiques\/Securite\/Securite-civile\/Prevention-des-feux-de-foret\/Reglementation-des-feux-en-exterieur<\/a><\/p>\n\n\n\n<p>Le nouveau formulaire unique est t\u00e9l\u00e9chargeable sur le lien cit\u00e9 ci-dessus ou disponible en mairie.<\/p>\n\n\n\n<p>Quelques plaquettes pour votre information : Attention, pensez \u00e0 cliquer sur la petite fl\u00e8che en bas pour lire la seconde page du PDF.<\/p>\n\n\n<a href=\"https:\/\/jarnac-champagne.fr\/\/\/wp-content\/uploads\/2021\/03\/Flyer-Brulage-dechets-final.pdf\" class=\"pdfemb-viewer\" style=\"\" data-width=\"max\" data-height=\"max\" data-toolbar=\"bottom\" data-toolbar-fixed=\"off\">Flyer-Brulage-dechets-final<\/a>\n<p class=\"wp-block-pdfemb-pdf-embedder-viewer\"><\/p>\n\n\n<a href=\"https:\/\/jarnac-champagne.fr\/\/\/wp-content\/uploads\/2021\/03\/Flyer-FEUX-DE-LOISIRS-final.pdf\" class=\"pdfemb-viewer\" style=\"\" data-width=\"max\" data-height=\"max\" data-toolbar=\"bottom\" data-toolbar-fixed=\"off\">Flyer-FEUX-DE-LOISIRS-final<\/a>\n<p class=\"wp-block-pdfemb-pdf-embedder-viewer\"><\/p>\n","protected":false},"excerpt":{"rendered":"<p>En Charente-Maritime, l\u2019emploi du feu \u00e0 l\u2019ext\u00e9rieur est strictement r\u00e9glement\u00e9 par l\u2019arr\u00eat\u00e9 pr\u00e9fectoral AP20EB767 du 02\/12\/2020 . Cette r\u00e9glementation s\u2019applique<\/p>\n","protected":false},"author":1,"featured_media":105,"comment_status":"open","ping_status":"open","sticky":false,"template":"","format":"standard","meta":{"colormag_page_container_layout":"default_layout","colormag_page_sidebar_layout":"default_layout","footnotes":""},"categories":[4],"tags":[],"class_list":["post-1530","post","type-post","status-publish","format-standard","has-post-thumbnail","hentry","category-infos-mairie"],"_links":{"self":[{"href":"https:\/\/jarnac-champagne.fr\/index.php\/wp-json\/wp\/v2\/posts\/1530","targetHints":{"allow":["GET"]}}],"collection":[{"href":"https:\/\/jarnac-champagne.fr\/index.php\/wp-json\/wp\/v2\/posts"}],"about":[{"href":"https:\/\/jarnac-champagne.fr\/index.php\/wp-json\/wp\/v2\/types\/post"}],"author":[{"embeddable":true,"href":"https:\/\/jarnac-champagne.fr\/index.php\/wp-json\/wp\/v2\/users\/1"}],"replies":[{"embeddable":true,"href":"https:\/\/jarnac-champagne.fr\/index.php\/wp-json\/wp\/v2\/comments?post=1530"}],"version-history":[{"count":1,"href":"https:\/\/jarnac-champagne.fr\/index.php\/wp-json\/wp\/v2\/posts\/1530\/revisions"}],"predecessor-version":[{"id":1533,"href":"https:\/\/jarnac-champagne.fr\/index.php\/wp-json\/wp\/v2\/posts\/1530\/revisions\/1533"}],"wp:featuredmedia":[{"embeddable":true,"href":"https:\/\/jarnac-champagne.fr\/index.php\/wp-json\/wp\/v2\/media\/105"}],"wp:attachment":[{"href":"https:\/\/jarnac-champagne.fr\/index.php\/wp-json\/wp\/v2\/media?parent=1530"}],"wp:term":[{"taxonomy":"category","embeddable":true,"href":"https:\/\/jarnac-champagne.fr\/index.php\/wp-json\/wp\/v2\/categories?post=1530"},{"taxonomy":"post_tag","embeddable":true,"href":"https:\/\/jarnac-champagne.fr\/index.php\/wp-json\/wp\/v2\/tags?post=1530"}],"curies":[{"name":"wp","href":"https:\/\/api.w.org\/{rel}","templated":true}]}}