{"id":1559,"date":"2021-03-19T19:52:42","date_gmt":"2021-03-19T18:52:42","guid":{"rendered":"https:\/\/jarnac-champagne.fr\/\/\/?p=1559"},"modified":"2021-03-19T19:52:43","modified_gmt":"2021-03-19T18:52:43","slug":"avis-aux-riverains-des-cours-deau-le-villiers-le-nobla-et-le-chillot","status":"publish","type":"post","link":"https:\/\/jarnac-champagne.fr\/index.php\/2021\/03\/19\/avis-aux-riverains-des-cours-deau-le-villiers-le-nobla-et-le-chillot\/","title":{"rendered":"Avis aux riverains des cours d\u2019eau \u00ab Le Villiers \u00bb,  \u00ab Le Nobla \u00bb et \u00ab Le Chillot \u00bb"},"content":{"rendered":"\n<h3 class=\"wp-block-heading\"><strong><span class=\"has-inline-color has-vivid-green-cyan-color\">SYNDICAT MIXTE DU BASSIN DE LA SEUGNE\u00a0\u00a0<\/span><\/strong><\/h3>\n\n\n\n<h3 class=\"wp-block-heading\"><strong><span class=\"has-inline-color has-pale-cyan-blue-color\">Travaux d&rsquo;entretien sur les affluents du Tr\u00e8fle\u00a0\u00a0<\/span><\/strong><\/h3>\n\n\n\n<p>\u00a0Dans le cadre de son programme pluriannuel de<strong> travaux d\u2019entretien<\/strong>, le Syndicat Mixte\u00a0 du Bassin de la Seugne vous informe du lancement des travaux d&rsquo;entretien de la ripisylve sur\u00a0 les affluents du \u00ab Tr\u00e8fle \u00bb <strong>\u00e0 compter 22 mars 2021 pour une dur\u00e9e de 6 \u00e0 8 semaines.\u00a0<\/strong>\u00a0<\/p>\n\n\n\n<p>Pour cette mission, les \u00e9quipes rivi\u00e8res de la Communaut\u00e9 des Communes de Haute Saintonge interviendront sur les ruisseaux \u00ab Le Villiers \u00bb, \u00ab Le Nobla \u00bb et \u00ab Le Chillot \u00bb.&nbsp;&nbsp;<\/p>\n\n\n\n<p>Les travaux consisteront \u00e0 des actions de d\u00e9broussaillage, tron\u00e7onnage, \u00e9lagage, de d\u00e9bardage de\u00a0 certains arbres, ainsi que la suppression d\u2019emb\u00e2cles (barrages de branches et d\u00e9bris v\u00e9g\u00e9taux). Ces\u00a0 actions sont men\u00e9es dans le cadre du bon fonctionnement de l\u2019\u00e9coulement des cours d\u2019eau et dans le\u00a0 respect de la v\u00e9g\u00e9tation pr\u00e9sente sur les abords des cours d\u2019eau. Ces interventions seront s\u00e9lectives et\u00a0 non syst\u00e9matiques afin de pr\u00e9server l&rsquo;\u00e9quilibre de l&rsquo;\u00e9cosyst\u00e8me.\u00a0\u00a0\u00a0<\/p>\n","protected":false},"excerpt":{"rendered":"<p>SYNDICAT MIXTE DU BASSIN DE LA SEUGNE\u00a0\u00a0 Travaux d&rsquo;entretien sur les affluents du Tr\u00e8fle\u00a0\u00a0 \u00a0Dans le cadre de son programme<\/p>\n","protected":false},"author":1,"featured_media":105,"comment_status":"open","ping_status":"open","sticky":false,"template":"","format":"standard","meta":{"colormag_page_container_layout":"default_layout","colormag_page_sidebar_layout":"default_layout","footnotes":""},"categories":[4],"tags":[],"class_list":["post-1559","post","type-post","status-publish","format-standard","has-post-thumbnail","hentry","category-infos-mairie"],"_links":{"self":[{"href":"https:\/\/jarnac-champagne.fr\/index.php\/wp-json\/wp\/v2\/posts\/1559","targetHints":{"allow":["GET"]}}],"collection":[{"href":"https:\/\/jarnac-champagne.fr\/index.php\/wp-json\/wp\/v2\/posts"}],"about":[{"href":"https:\/\/jarnac-champagne.fr\/index.php\/wp-json\/wp\/v2\/types\/post"}],"author":[{"embeddable":true,"href":"https:\/\/jarnac-champagne.fr\/index.php\/wp-json\/wp\/v2\/users\/1"}],"replies":[{"embeddable":true,"href":"https:\/\/jarnac-champagne.fr\/index.php\/wp-json\/wp\/v2\/comments?post=1559"}],"version-history":[{"count":1,"href":"https:\/\/jarnac-champagne.fr\/index.php\/wp-json\/wp\/v2\/posts\/1559\/revisions"}],"predecessor-version":[{"id":1560,"href":"https:\/\/jarnac-champagne.fr\/index.php\/wp-json\/wp\/v2\/posts\/1559\/revisions\/1560"}],"wp:featuredmedia":[{"embeddable":true,"href":"https:\/\/jarnac-champagne.fr\/index.php\/wp-json\/wp\/v2\/media\/105"}],"wp:attachment":[{"href":"https:\/\/jarnac-champagne.fr\/index.php\/wp-json\/wp\/v2\/media?parent=1559"}],"wp:term":[{"taxonomy":"category","embeddable":true,"href":"https:\/\/jarnac-champagne.fr\/index.php\/wp-json\/wp\/v2\/categories?post=1559"},{"taxonomy":"post_tag","embeddable":true,"href":"https:\/\/jarnac-champagne.fr\/index.php\/wp-json\/wp\/v2\/tags?post=1559"}],"curies":[{"name":"wp","href":"https:\/\/api.w.org\/{rel}","templated":true}]}}