{"id":1602,"date":"2021-03-26T17:48:51","date_gmt":"2021-03-26T16:48:51","guid":{"rendered":"https:\/\/jarnac-champagne.fr\/\/\/?p=1602"},"modified":"2021-03-26T22:31:06","modified_gmt":"2021-03-26T21:31:06","slug":"voiture-electrique","status":"publish","type":"post","link":"https:\/\/jarnac-champagne.fr\/index.php\/2021\/03\/26\/voiture-electrique\/","title":{"rendered":"Voiture de course \u00e9lectrique"},"content":{"rendered":"\n<p>Depuis plusieurs ann\u00e9es, un projet de voiture \u00e9lectrique est en cours sur le p\u00f4le de s\u00e9curit\u00e9 et de sports m\u00e9caniques de la G\u00e9n\u00e9touze.<\/p>\n\n\n\n<p>Cette voiture a fait ses premiers essais sur piste voil\u00e0 quelques jours sur le circuit de La Gen\u00e9touze. Les \u00e9quipe de tournage de l&rsquo;\u00e9mission Auto Moto \u00e9taient pr\u00e9sentes.<\/p>\n\n\n\n<p>Le reportage sera diffus\u00e9e <strong>dimanche 28 mars \u00e0 10h05<\/strong>.<\/p>\n\n\n\n<p>Pour les passionn\u00e9es de sports m\u00e9caniques et les habitants de notre belle Haute-Saintonge, la voiture de course de demain a \u00e9t\u00e9 mise au point sur ce territoire !!!<\/p>\n","protected":false},"excerpt":{"rendered":"<p>Depuis plusieurs ann\u00e9es, un projet de voiture \u00e9lectrique est en cours sur le p\u00f4le de s\u00e9curit\u00e9 et de sports m\u00e9caniques<\/p>\n","protected":false},"author":1,"featured_media":365,"comment_status":"open","ping_status":"open","sticky":false,"template":"","format":"standard","meta":{"colormag_page_container_layout":"default_layout","colormag_page_sidebar_layout":"default_layout","footnotes":""},"categories":[9],"tags":[],"class_list":["post-1602","post","type-post","status-publish","format-standard","has-post-thumbnail","hentry","category-informations-diverses"],"_links":{"self":[{"href":"https:\/\/jarnac-champagne.fr\/index.php\/wp-json\/wp\/v2\/posts\/1602","targetHints":{"allow":["GET"]}}],"collection":[{"href":"https:\/\/jarnac-champagne.fr\/index.php\/wp-json\/wp\/v2\/posts"}],"about":[{"href":"https:\/\/jarnac-champagne.fr\/index.php\/wp-json\/wp\/v2\/types\/post"}],"author":[{"embeddable":true,"href":"https:\/\/jarnac-champagne.fr\/index.php\/wp-json\/wp\/v2\/users\/1"}],"replies":[{"embeddable":true,"href":"https:\/\/jarnac-champagne.fr\/index.php\/wp-json\/wp\/v2\/comments?post=1602"}],"version-history":[{"count":3,"href":"https:\/\/jarnac-champagne.fr\/index.php\/wp-json\/wp\/v2\/posts\/1602\/revisions"}],"predecessor-version":[{"id":1610,"href":"https:\/\/jarnac-champagne.fr\/index.php\/wp-json\/wp\/v2\/posts\/1602\/revisions\/1610"}],"wp:featuredmedia":[{"embeddable":true,"href":"https:\/\/jarnac-champagne.fr\/index.php\/wp-json\/wp\/v2\/media\/365"}],"wp:attachment":[{"href":"https:\/\/jarnac-champagne.fr\/index.php\/wp-json\/wp\/v2\/media?parent=1602"}],"wp:term":[{"taxonomy":"category","embeddable":true,"href":"https:\/\/jarnac-champagne.fr\/index.php\/wp-json\/wp\/v2\/categories?post=1602"},{"taxonomy":"post_tag","embeddable":true,"href":"https:\/\/jarnac-champagne.fr\/index.php\/wp-json\/wp\/v2\/tags?post=1602"}],"curies":[{"name":"wp","href":"https:\/\/api.w.org\/{rel}","templated":true}]}}