{"id":1611,"date":"2021-03-29T22:06:41","date_gmt":"2021-03-29T20:06:41","guid":{"rendered":"https:\/\/jarnac-champagne.fr\/\/\/?p=1611"},"modified":"2021-04-07T19:56:49","modified_gmt":"2021-04-07T17:56:49","slug":"un-heureux-evenement","status":"publish","type":"post","link":"https:\/\/jarnac-champagne.fr\/index.php\/2021\/03\/29\/un-heureux-evenement\/","title":{"rendered":"Un heureux \u00e9v\u00e9nement !"},"content":{"rendered":"\n<p>Ce n&rsquo;\u00e9tait pas arriv\u00e9 depuis <strong><span class=\"has-inline-color has-luminous-vivid-amber-color\">1966 !<\/span><\/strong><\/p>\n\n\n\n<p><strong><span class=\"has-inline-color has-vivid-cyan-blue-color\">Samedi 20 mars \u00e0 9h 24<\/span><\/strong>, un heureux \u00e9v\u00e8nement a eu lieu sur le territoire de la commune&#8230; et plus pr\u00e9cis\u00e9ment \u00e0 la Pouyade !<\/p>\n\n\n\n<p>Impatient de rencontrer ses parents et son grand fr\u00e8re, Le petit Tima\u00ebl est n\u00e9 dans l&rsquo;ambulance qui s&rsquo;appr\u00eatait \u00e0 conduire sa maman \u00e0 la maternit\u00e9.<\/p>\n\n\n\n<p>Une belle frayeur pour les parents et les pompiers assist\u00e9s par le SMUR&#8230; mais tout s&rsquo;est bien pass\u00e9 !<\/p>\n\n\n\n<p>La venue au monde de ce superbe petit Jarnacais \u00e9tait une premi\u00e8re pour nos secr\u00e9taires de mairie qui ont d\u00fb enregistrer la naissance de cet enfant et l&rsquo;inscrire \u00e0 l&rsquo;Etat Civil avec fiert\u00e9 et \u00e9motion.<\/p>\n\n\n\n<p>Moment d&rsquo;\u00e9motion pour Mme le Maire qui a eu le privil\u00e8ge de faire connaissance avec le petit Tima\u00ebl et ses parents re\u00e7us en mairie pour l&rsquo;\u00e9v\u00e9nement.<\/p>\n\n\n\n<p>Nous adressons toutes nos f\u00e9licitations aux heureux parents&nbsp; Lo\u00efc et Elise et souhaitons le meilleur \u00e0 Tima\u00ebl.<\/p>\n\n\n\n<figure class=\"wp-block-gallery columns-2 is-cropped wp-block-gallery-1 is-layout-flex wp-block-gallery-is-layout-flex\"><ul class=\"blocks-gallery-grid\"><li class=\"blocks-gallery-item\"><figure><img loading=\"lazy\" decoding=\"async\" width=\"1024\" height=\"791\" src=\"https:\/\/jarnac-champagne.fr\/\/\/wp-content\/uploads\/2021\/03\/Naissance_Timael_20-03-212-1024x791.jpg\" alt=\"\" data-id=\"1613\" data-full-url=\"https:\/\/jarnac-champagne.fr\/\/\/wp-content\/uploads\/2021\/03\/Naissance_Timael_20-03-212-scaled.jpg\" data-link=\"https:\/\/jarnac-champagne.fr\/\/\/?attachment_id=1613\" class=\"wp-image-1613\" srcset=\"https:\/\/jarnac-champagne.fr\/wp-content\/uploads\/2021\/03\/Naissance_Timael_20-03-212-1024x791.jpg 1024w, https:\/\/jarnac-champagne.fr\/wp-content\/uploads\/2021\/03\/Naissance_Timael_20-03-212-300x232.jpg 300w, https:\/\/jarnac-champagne.fr\/wp-content\/uploads\/2021\/03\/Naissance_Timael_20-03-212-768x593.jpg 768w, https:\/\/jarnac-champagne.fr\/wp-content\/uploads\/2021\/03\/Naissance_Timael_20-03-212-1536x1187.jpg 1536w, https:\/\/jarnac-champagne.fr\/wp-content\/uploads\/2021\/03\/Naissance_Timael_20-03-212-2048x1582.jpg 2048w\" sizes=\"auto, (max-width: 1024px) 100vw, 1024px\" \/><\/figure><\/li><li class=\"blocks-gallery-item\"><figure><img loading=\"lazy\" decoding=\"async\" width=\"1024\" height=\"767\" src=\"https:\/\/jarnac-champagne.fr\/\/\/wp-content\/uploads\/2021\/03\/Naissance_Timael_20-03-213-1024x767.jpg\" alt=\"\" data-id=\"1614\" data-full-url=\"https:\/\/jarnac-champagne.fr\/\/\/wp-content\/uploads\/2021\/03\/Naissance_Timael_20-03-213-scaled.jpg\" data-link=\"https:\/\/jarnac-champagne.fr\/\/\/?attachment_id=1614\" class=\"wp-image-1614\" srcset=\"https:\/\/jarnac-champagne.fr\/wp-content\/uploads\/2021\/03\/Naissance_Timael_20-03-213-1024x767.jpg 1024w, https:\/\/jarnac-champagne.fr\/wp-content\/uploads\/2021\/03\/Naissance_Timael_20-03-213-300x225.jpg 300w, https:\/\/jarnac-champagne.fr\/wp-content\/uploads\/2021\/03\/Naissance_Timael_20-03-213-768x575.jpg 768w, https:\/\/jarnac-champagne.fr\/wp-content\/uploads\/2021\/03\/Naissance_Timael_20-03-213-1536x1150.jpg 1536w, https:\/\/jarnac-champagne.fr\/wp-content\/uploads\/2021\/03\/Naissance_Timael_20-03-213-2048x1534.jpg 2048w\" sizes=\"auto, (max-width: 1024px) 100vw, 1024px\" \/><\/figure><\/li><\/ul><figcaption class=\"blocks-gallery-caption\">Photos avec l&rsquo;accord des parents de Tima\u00ebl.<\/figcaption><\/figure>\n","protected":false},"excerpt":{"rendered":"<p>Ce n&rsquo;\u00e9tait pas arriv\u00e9 depuis 1966 ! Samedi 20 mars \u00e0 9h 24, un heureux \u00e9v\u00e8nement a eu lieu sur<\/p>\n","protected":false},"author":1,"featured_media":105,"comment_status":"open","ping_status":"open","sticky":false,"template":"","format":"standard","meta":{"colormag_page_container_layout":"default_layout","colormag_page_sidebar_layout":"default_layout","footnotes":""},"categories":[4],"tags":[],"class_list":["post-1611","post","type-post","status-publish","format-standard","has-post-thumbnail","hentry","category-infos-mairie"],"_links":{"self":[{"href":"https:\/\/jarnac-champagne.fr\/index.php\/wp-json\/wp\/v2\/posts\/1611","targetHints":{"allow":["GET"]}}],"collection":[{"href":"https:\/\/jarnac-champagne.fr\/index.php\/wp-json\/wp\/v2\/posts"}],"about":[{"href":"https:\/\/jarnac-champagne.fr\/index.php\/wp-json\/wp\/v2\/types\/post"}],"author":[{"embeddable":true,"href":"https:\/\/jarnac-champagne.fr\/index.php\/wp-json\/wp\/v2\/users\/1"}],"replies":[{"embeddable":true,"href":"https:\/\/jarnac-champagne.fr\/index.php\/wp-json\/wp\/v2\/comments?post=1611"}],"version-history":[{"count":3,"href":"https:\/\/jarnac-champagne.fr\/index.php\/wp-json\/wp\/v2\/posts\/1611\/revisions"}],"predecessor-version":[{"id":1663,"href":"https:\/\/jarnac-champagne.fr\/index.php\/wp-json\/wp\/v2\/posts\/1611\/revisions\/1663"}],"wp:featuredmedia":[{"embeddable":true,"href":"https:\/\/jarnac-champagne.fr\/index.php\/wp-json\/wp\/v2\/media\/105"}],"wp:attachment":[{"href":"https:\/\/jarnac-champagne.fr\/index.php\/wp-json\/wp\/v2\/media?parent=1611"}],"wp:term":[{"taxonomy":"category","embeddable":true,"href":"https:\/\/jarnac-champagne.fr\/index.php\/wp-json\/wp\/v2\/categories?post=1611"},{"taxonomy":"post_tag","embeddable":true,"href":"https:\/\/jarnac-champagne.fr\/index.php\/wp-json\/wp\/v2\/tags?post=1611"}],"curies":[{"name":"wp","href":"https:\/\/api.w.org\/{rel}","templated":true}]}}