{"id":1619,"date":"2021-04-05T11:44:07","date_gmt":"2021-04-05T09:44:07","guid":{"rendered":"https:\/\/jarnac-champagne.fr\/\/\/?p=1619"},"modified":"2021-04-05T11:50:53","modified_gmt":"2021-04-05T09:50:53","slug":"magazine-du-departement-la-charente-maritime","status":"publish","type":"post","link":"https:\/\/jarnac-champagne.fr\/index.php\/2021\/04\/05\/magazine-du-departement-la-charente-maritime\/","title":{"rendered":"Magazine du D\u00e9partement &#8211; La Charente-Maritime"},"content":{"rendered":"\n<p>Retrouvez le Dr Elrick Kichenama dans le dernier num\u00e9ro du magazine du d\u00e9partement.<\/p>\n\n\n\n<p>Un jeune m\u00e9decin financi\u00e8rement aid\u00e9 par le D\u00e9partement et qui a fait le choix de pratiquer en milieu rural. MERCI !<\/p>\n\n\n\n<p>A son tour, comme le Dr Bravin, il est maintenant ma\u00eetre de stage. La maison de sant\u00e9 pluridisciplinaire voit donc passer r\u00e9guli\u00e8rement de nombreux externes et internes. Une v\u00e9ritable chance pour notre territoire.<\/p>\n\n\n\n<div class=\"wp-block-image\"><figure class=\"aligncenter size-full\"><img loading=\"lazy\" decoding=\"async\" width=\"153\" height=\"602\" src=\"https:\/\/jarnac-champagne.fr\/\/\/wp-content\/uploads\/2021\/03\/Dr_Kichenama_Mars_210.png\" alt=\"\" class=\"wp-image-1620\" srcset=\"https:\/\/jarnac-champagne.fr\/wp-content\/uploads\/2021\/03\/Dr_Kichenama_Mars_210.png 153w, https:\/\/jarnac-champagne.fr\/wp-content\/uploads\/2021\/03\/Dr_Kichenama_Mars_210-76x300.png 76w\" sizes=\"auto, (max-width: 153px) 100vw, 153px\" \/><\/figure><\/div>\n\n\n\n<div class=\"wp-block-image\"><figure class=\"aligncenter size-full\"><img loading=\"lazy\" decoding=\"async\" width=\"451\" height=\"220\" src=\"https:\/\/jarnac-champagne.fr\/\/\/wp-content\/uploads\/2021\/03\/Dr_Kichenama_Mars_211.png\" alt=\"\" class=\"wp-image-1621\" srcset=\"https:\/\/jarnac-champagne.fr\/wp-content\/uploads\/2021\/03\/Dr_Kichenama_Mars_211.png 451w, https:\/\/jarnac-champagne.fr\/wp-content\/uploads\/2021\/03\/Dr_Kichenama_Mars_211-300x146.png 300w\" sizes=\"auto, (max-width: 451px) 100vw, 451px\" \/><\/figure><\/div>\n\n\n\n<h6 class=\"wp-block-heading\"><em>Source : Magazine du D\u00e9partement : La Charente-Maritime<\/em><\/h6>\n\n\n\n<p><\/p>\n","protected":false},"excerpt":{"rendered":"<p>Retrouvez le Dr Elrick Kichenama dans le dernier num\u00e9ro du magazine du d\u00e9partement. Un jeune m\u00e9decin financi\u00e8rement aid\u00e9 par le<\/p>\n","protected":false},"author":1,"featured_media":348,"comment_status":"open","ping_status":"open","sticky":false,"template":"","format":"standard","meta":{"colormag_page_container_layout":"default_layout","colormag_page_sidebar_layout":"default_layout","footnotes":""},"categories":[18,8],"tags":[],"class_list":["post-1619","post","type-post","status-publish","format-standard","has-post-thumbnail","hentry","category-infos-sante","category-presse"],"_links":{"self":[{"href":"https:\/\/jarnac-champagne.fr\/index.php\/wp-json\/wp\/v2\/posts\/1619","targetHints":{"allow":["GET"]}}],"collection":[{"href":"https:\/\/jarnac-champagne.fr\/index.php\/wp-json\/wp\/v2\/posts"}],"about":[{"href":"https:\/\/jarnac-champagne.fr\/index.php\/wp-json\/wp\/v2\/types\/post"}],"author":[{"embeddable":true,"href":"https:\/\/jarnac-champagne.fr\/index.php\/wp-json\/wp\/v2\/users\/1"}],"replies":[{"embeddable":true,"href":"https:\/\/jarnac-champagne.fr\/index.php\/wp-json\/wp\/v2\/comments?post=1619"}],"version-history":[{"count":8,"href":"https:\/\/jarnac-champagne.fr\/index.php\/wp-json\/wp\/v2\/posts\/1619\/revisions"}],"predecessor-version":[{"id":1653,"href":"https:\/\/jarnac-champagne.fr\/index.php\/wp-json\/wp\/v2\/posts\/1619\/revisions\/1653"}],"wp:featuredmedia":[{"embeddable":true,"href":"https:\/\/jarnac-champagne.fr\/index.php\/wp-json\/wp\/v2\/media\/348"}],"wp:attachment":[{"href":"https:\/\/jarnac-champagne.fr\/index.php\/wp-json\/wp\/v2\/media?parent=1619"}],"wp:term":[{"taxonomy":"category","embeddable":true,"href":"https:\/\/jarnac-champagne.fr\/index.php\/wp-json\/wp\/v2\/categories?post=1619"},{"taxonomy":"post_tag","embeddable":true,"href":"https:\/\/jarnac-champagne.fr\/index.php\/wp-json\/wp\/v2\/tags?post=1619"}],"curies":[{"name":"wp","href":"https:\/\/api.w.org\/{rel}","templated":true}]}}