{"id":1625,"date":"2021-04-01T23:18:06","date_gmt":"2021-04-01T21:18:06","guid":{"rendered":"https:\/\/jarnac-champagne.fr\/\/\/?p=1625"},"modified":"2021-04-01T23:18:07","modified_gmt":"2021-04-01T21:18:07","slug":"nouveau-point-de-situation-info-coronavirus","status":"publish","type":"post","link":"https:\/\/jarnac-champagne.fr\/index.php\/2021\/04\/01\/nouveau-point-de-situation-info-coronavirus\/","title":{"rendered":"Nouveau point de situation &#8211; Info Coronavirus"},"content":{"rendered":"\n<p>Les&nbsp;<strong>restrictions actuellement en vigueur dans 19 d\u00e9partements sont \u00e9tendues \u00e0 tout le territoire m\u00e9tropolitain, d\u00e8s le samedi 3 avril, 19h, et pour une dur\u00e9e de 4 semaines<\/strong>, soit :<\/p>\n\n\n\n<ul class=\"wp-block-list\"><li>pas de d\u00e9placement en journ\u00e9e au-del\u00e0 de 10 km sauf motif imp\u00e9rieux ou professionnel (sur pr\u00e9sentation de l\u2019attestation) apr\u00e8s la fin du week-end de P\u00e2ques ;<\/li><li>le couvre-feu reste en vigueur \u00e0 19h sur tout le territoire m\u00e9tropolitain.<\/li><\/ul>\n\n\n\n<p><strong>Concernant le couvre-feu, il s&rsquo;applique \u00e0 l&rsquo;ensemble du territoire national entre 19h le soir et 6h du matin<\/strong>&nbsp;avec une obligation de pr\u00e9senter une attestation d\u00e9rogatoire au couvre-feu lors des d\u00e9placements. Autrement dit :<\/p>\n\n\n\n<ul class=\"wp-block-list\"><li>les sorties et d\u00e9placements sans attestations d\u00e9rogatoires sont interdits de 19h00 \u00e0 06h00, sous peine d\u2019une amende de 135 \u20ac et jusqu\u2019\u00e0 3750 \u20ac en cas de r\u00e9cidive ;<\/li><li>les \u00e9tablissements autoris\u00e9s \u00e0 ouvrir ne pourront plus accueillir de public apr\u00e8s 19h00.\u00a0<\/li><\/ul>\n\n\n\n<p><em>Source : <\/em><a href=\"https:\/\/www.gouvernement.fr\/info-coronavirus\">https:\/\/www.gouvernement.fr\/info-coronavirus<\/a><\/p>\n","protected":false},"excerpt":{"rendered":"<p>Les&nbsp;restrictions actuellement en vigueur dans 19 d\u00e9partements sont \u00e9tendues \u00e0 tout le territoire m\u00e9tropolitain, d\u00e8s le samedi 3 avril, 19h,<\/p>\n","protected":false},"author":1,"featured_media":105,"comment_status":"open","ping_status":"open","sticky":false,"template":"","format":"standard","meta":{"colormag_page_container_layout":"default_layout","colormag_page_sidebar_layout":"default_layout","footnotes":""},"categories":[4],"tags":[],"class_list":["post-1625","post","type-post","status-publish","format-standard","has-post-thumbnail","hentry","category-infos-mairie"],"_links":{"self":[{"href":"https:\/\/jarnac-champagne.fr\/index.php\/wp-json\/wp\/v2\/posts\/1625","targetHints":{"allow":["GET"]}}],"collection":[{"href":"https:\/\/jarnac-champagne.fr\/index.php\/wp-json\/wp\/v2\/posts"}],"about":[{"href":"https:\/\/jarnac-champagne.fr\/index.php\/wp-json\/wp\/v2\/types\/post"}],"author":[{"embeddable":true,"href":"https:\/\/jarnac-champagne.fr\/index.php\/wp-json\/wp\/v2\/users\/1"}],"replies":[{"embeddable":true,"href":"https:\/\/jarnac-champagne.fr\/index.php\/wp-json\/wp\/v2\/comments?post=1625"}],"version-history":[{"count":1,"href":"https:\/\/jarnac-champagne.fr\/index.php\/wp-json\/wp\/v2\/posts\/1625\/revisions"}],"predecessor-version":[{"id":1626,"href":"https:\/\/jarnac-champagne.fr\/index.php\/wp-json\/wp\/v2\/posts\/1625\/revisions\/1626"}],"wp:featuredmedia":[{"embeddable":true,"href":"https:\/\/jarnac-champagne.fr\/index.php\/wp-json\/wp\/v2\/media\/105"}],"wp:attachment":[{"href":"https:\/\/jarnac-champagne.fr\/index.php\/wp-json\/wp\/v2\/media?parent=1625"}],"wp:term":[{"taxonomy":"category","embeddable":true,"href":"https:\/\/jarnac-champagne.fr\/index.php\/wp-json\/wp\/v2\/categories?post=1625"},{"taxonomy":"post_tag","embeddable":true,"href":"https:\/\/jarnac-champagne.fr\/index.php\/wp-json\/wp\/v2\/tags?post=1625"}],"curies":[{"name":"wp","href":"https:\/\/api.w.org\/{rel}","templated":true}]}}