{"id":1638,"date":"2021-04-03T21:29:33","date_gmt":"2021-04-03T19:29:33","guid":{"rendered":"https:\/\/jarnac-champagne.fr\/\/\/?p=1638"},"modified":"2021-04-03T21:29:34","modified_gmt":"2021-04-03T19:29:34","slug":"des-rameaux-au-menu-cette-semaine-a-la-cantine","status":"publish","type":"post","link":"https:\/\/jarnac-champagne.fr\/index.php\/2021\/04\/03\/des-rameaux-au-menu-cette-semaine-a-la-cantine\/","title":{"rendered":"Des rameaux au menu cette semaine \u00e0 la cantine."},"content":{"rendered":"\n<p>Avant de laisser partir pr\u00e9matur\u00e9ment nos petits \u00e9l\u00e8ves pour 3 semaines, un petit dessert \u00e9tait au menu cette semaine. Le chef Yoan et son \u00e9quipe avaient pr\u00e9par\u00e9 de d\u00e9licieux rameaux fourr\u00e9s \u00e0 la chantilly. Du fait maison \u00e0 100%, c&rsquo;est important de le souligner&#8230; Oui, m\u00eame en restauration collective, la qualit\u00e9 peut \u00eatre au rendez-vous.<\/p>\n\n\n\n<p>F\u00e9licitations \u00e0  toute l&rsquo;\u00e9quipe qui se mobilise pour faire plaisir aux petits comme aux grands. Les belles journ\u00e9es ensoleill\u00e9es ont permis \u00e9galement aux enfants de d\u00e9jeuner en ext\u00e9rieur tout en respectant le protocole sanitaire dont les places attribu\u00e9s \u00e0 chaque \u00e9l\u00e8ve.<\/p>\n\n\n\n<figure class=\"wp-block-gallery columns-3 is-cropped wp-block-gallery-1 is-layout-flex wp-block-gallery-is-layout-flex\"><ul class=\"blocks-gallery-grid\"><li class=\"blocks-gallery-item\"><figure><img loading=\"lazy\" decoding=\"async\" width=\"768\" height=\"1024\" src=\"https:\/\/jarnac-champagne.fr\/\/\/wp-content\/uploads\/2021\/04\/Rameaux_2021-1-768x1024.jpg\" alt=\"\" data-id=\"1639\" data-full-url=\"https:\/\/jarnac-champagne.fr\/\/\/wp-content\/uploads\/2021\/04\/Rameaux_2021-1-scaled.jpg\" data-link=\"https:\/\/jarnac-champagne.fr\/\/\/?attachment_id=1639\" class=\"wp-image-1639\" srcset=\"https:\/\/jarnac-champagne.fr\/wp-content\/uploads\/2021\/04\/Rameaux_2021-1-768x1024.jpg 768w, https:\/\/jarnac-champagne.fr\/wp-content\/uploads\/2021\/04\/Rameaux_2021-1-225x300.jpg 225w, https:\/\/jarnac-champagne.fr\/wp-content\/uploads\/2021\/04\/Rameaux_2021-1-1152x1536.jpg 1152w, https:\/\/jarnac-champagne.fr\/wp-content\/uploads\/2021\/04\/Rameaux_2021-1-1536x2048.jpg 1536w, https:\/\/jarnac-champagne.fr\/wp-content\/uploads\/2021\/04\/Rameaux_2021-1-scaled.jpg 1920w\" sizes=\"auto, (max-width: 768px) 100vw, 768px\" \/><\/figure><\/li><li class=\"blocks-gallery-item\"><figure><img loading=\"lazy\" decoding=\"async\" width=\"768\" height=\"1024\" src=\"https:\/\/jarnac-champagne.fr\/\/\/wp-content\/uploads\/2021\/04\/Rameaux_2021-2-768x1024.jpg\" alt=\"\" data-id=\"1640\" data-full-url=\"https:\/\/jarnac-champagne.fr\/\/\/wp-content\/uploads\/2021\/04\/Rameaux_2021-2-scaled.jpg\" data-link=\"https:\/\/jarnac-champagne.fr\/\/\/?attachment_id=1640\" class=\"wp-image-1640\" srcset=\"https:\/\/jarnac-champagne.fr\/wp-content\/uploads\/2021\/04\/Rameaux_2021-2-768x1024.jpg 768w, https:\/\/jarnac-champagne.fr\/wp-content\/uploads\/2021\/04\/Rameaux_2021-2-225x300.jpg 225w, https:\/\/jarnac-champagne.fr\/wp-content\/uploads\/2021\/04\/Rameaux_2021-2-1152x1536.jpg 1152w, https:\/\/jarnac-champagne.fr\/wp-content\/uploads\/2021\/04\/Rameaux_2021-2-1536x2048.jpg 1536w, https:\/\/jarnac-champagne.fr\/wp-content\/uploads\/2021\/04\/Rameaux_2021-2-scaled.jpg 1920w\" sizes=\"auto, (max-width: 768px) 100vw, 768px\" \/><\/figure><\/li><li class=\"blocks-gallery-item\"><figure><img loading=\"lazy\" decoding=\"async\" width=\"768\" height=\"1024\" src=\"https:\/\/jarnac-champagne.fr\/\/\/wp-content\/uploads\/2021\/04\/Rameaux_2021-3.jpg\" alt=\"\" data-id=\"1641\" data-full-url=\"https:\/\/jarnac-champagne.fr\/\/\/wp-content\/uploads\/2021\/04\/Rameaux_2021-3.jpg\" data-link=\"https:\/\/jarnac-champagne.fr\/\/\/?attachment_id=1641\" class=\"wp-image-1641\" srcset=\"https:\/\/jarnac-champagne.fr\/wp-content\/uploads\/2021\/04\/Rameaux_2021-3.jpg 768w, https:\/\/jarnac-champagne.fr\/wp-content\/uploads\/2021\/04\/Rameaux_2021-3-225x300.jpg 225w\" sizes=\"auto, (max-width: 768px) 100vw, 768px\" \/><\/figure><\/li><\/ul><\/figure>\n","protected":false},"excerpt":{"rendered":"<p>Avant de laisser partir pr\u00e9matur\u00e9ment nos petits \u00e9l\u00e8ves pour 3 semaines, un petit dessert \u00e9tait au menu cette semaine. Le<\/p>\n","protected":false},"author":1,"featured_media":103,"comment_status":"open","ping_status":"open","sticky":false,"template":"","format":"standard","meta":{"colormag_page_container_layout":"default_layout","colormag_page_sidebar_layout":"default_layout","footnotes":""},"categories":[5],"tags":[],"class_list":["post-1638","post","type-post","status-publish","format-standard","has-post-thumbnail","hentry","category-infos-ecole"],"_links":{"self":[{"href":"https:\/\/jarnac-champagne.fr\/index.php\/wp-json\/wp\/v2\/posts\/1638","targetHints":{"allow":["GET"]}}],"collection":[{"href":"https:\/\/jarnac-champagne.fr\/index.php\/wp-json\/wp\/v2\/posts"}],"about":[{"href":"https:\/\/jarnac-champagne.fr\/index.php\/wp-json\/wp\/v2\/types\/post"}],"author":[{"embeddable":true,"href":"https:\/\/jarnac-champagne.fr\/index.php\/wp-json\/wp\/v2\/users\/1"}],"replies":[{"embeddable":true,"href":"https:\/\/jarnac-champagne.fr\/index.php\/wp-json\/wp\/v2\/comments?post=1638"}],"version-history":[{"count":1,"href":"https:\/\/jarnac-champagne.fr\/index.php\/wp-json\/wp\/v2\/posts\/1638\/revisions"}],"predecessor-version":[{"id":1642,"href":"https:\/\/jarnac-champagne.fr\/index.php\/wp-json\/wp\/v2\/posts\/1638\/revisions\/1642"}],"wp:featuredmedia":[{"embeddable":true,"href":"https:\/\/jarnac-champagne.fr\/index.php\/wp-json\/wp\/v2\/media\/103"}],"wp:attachment":[{"href":"https:\/\/jarnac-champagne.fr\/index.php\/wp-json\/wp\/v2\/media?parent=1638"}],"wp:term":[{"taxonomy":"category","embeddable":true,"href":"https:\/\/jarnac-champagne.fr\/index.php\/wp-json\/wp\/v2\/categories?post=1638"},{"taxonomy":"post_tag","embeddable":true,"href":"https:\/\/jarnac-champagne.fr\/index.php\/wp-json\/wp\/v2\/tags?post=1638"}],"curies":[{"name":"wp","href":"https:\/\/api.w.org\/{rel}","templated":true}]}}