{"id":1730,"date":"2021-05-01T19:52:15","date_gmt":"2021-05-01T17:52:15","guid":{"rendered":"https:\/\/jarnac-champagne.fr\/\/\/?p=1730"},"modified":"2021-05-01T19:53:12","modified_gmt":"2021-05-01T17:53:12","slug":"des-nouvelles-de-la-fibre","status":"publish","type":"post","link":"https:\/\/jarnac-champagne.fr\/index.php\/2021\/05\/01\/des-nouvelles-de-la-fibre\/","title":{"rendered":"Des nouvelles de la fibre"},"content":{"rendered":"\n<p>C&rsquo;est une tr\u00e8s bonne nouvelle, nous n&rsquo;avons jamais \u00e9t\u00e9 aussi proche. Alors, patience, patience, elle arrive sur la commune&#8230;dans quelques mois.<\/p>\n\n\n\n<p>Suivez l&rsquo;\u00e9volution sur <a href=\"https:\/\/www.charentemaritimetreshautdebit.fr\/\">https:\/\/www.charentemaritimetreshautdebit.fr\/<\/a><\/p>\n\n\n\n<p><strong>Le site est actualis\u00e9 toutes les 48h, autant dire presque en temps r\u00e9el, vous allez voir appara\u00eetre un changement de couleurs sur la carte au fur et \u00e0 mesure de l&rsquo;avanc\u00e9e des travaux, c&rsquo;est un bon indicateur.<\/strong><\/p>\n\n\n\n<p>IMPORTANT ! Pour b\u00e9n\u00e9ficier de la fibre, il est n\u00e9cessaire d&rsquo;\u00eatre raccord\u00e9 au <strong><span class=\"has-inline-color has-luminous-vivid-orange-color\">RESEAU TELEPHONIQUE PUBLIC.<\/span><\/strong> <strong>Pensez-y ! <\/strong> Plus d&rsquo;information, <a href=\"https:\/\/www.charentemaritimetreshautdebit.fr\/comprendre-la-fibre\/faq\/\" target=\"_blank\" rel=\"noreferrer noopener\">https:\/\/www.charentemaritimetreshautdebit.fr\/comprendre-la-fibre\/faq\/<\/a><\/p>\n\n\n\n<div class=\"wp-block-image\"><figure class=\"aligncenter size-large\"><img loading=\"lazy\" decoding=\"async\" width=\"1024\" height=\"500\" src=\"https:\/\/jarnac-champagne.fr\/\/\/wp-content\/uploads\/2021\/05\/Capture-1024x500.png\" alt=\"\" class=\"wp-image-1731\" srcset=\"https:\/\/jarnac-champagne.fr\/wp-content\/uploads\/2021\/05\/Capture-1024x500.png 1024w, https:\/\/jarnac-champagne.fr\/wp-content\/uploads\/2021\/05\/Capture-300x147.png 300w, https:\/\/jarnac-champagne.fr\/wp-content\/uploads\/2021\/05\/Capture-768x375.png 768w, https:\/\/jarnac-champagne.fr\/wp-content\/uploads\/2021\/05\/Capture.png 1328w\" sizes=\"auto, (max-width: 1024px) 100vw, 1024px\" \/><\/figure><\/div>\n\n\n\n<p>Le calendrier pr\u00e9visionnel est le suivant : <strong>ATTENTION ! Nous ne sommes pas en capacit\u00e9 de vous donner les dates pour chaque logement, c&rsquo;est \u00e0 titre indicatif.<\/strong><\/p>\n\n\n\n<p><strong>Septembre 2021 &#8211; centre bourg<\/strong><\/p>\n\n\n\n<p><strong>Janvier 2022 &#8211; la suite des logements<\/strong><\/p>\n\n\n\n<p><strong>Juin 2022 &#8211; La fin du raccordement pour l&rsquo;ensemble de la commune<\/strong><\/p>\n\n\n\n<p>En effet, entre les r\u00e9seaux a\u00e9riens et souterrains, les travaux de g\u00e9nie civil sont parfois plus complexes. Les \u00e9quipes de Charente-Martime Tr\u00e8s Haut D\u00e9bit se mobilisent et travaillent d&rsquo;arrache-pied pour satisfaire l&rsquo;ensemble des habitants du territoire. <\/p>\n","protected":false},"excerpt":{"rendered":"<p>C&rsquo;est une tr\u00e8s bonne nouvelle, nous n&rsquo;avons jamais \u00e9t\u00e9 aussi proche. Alors, patience, patience, elle arrive sur la commune&#8230;dans quelques<\/p>\n","protected":false},"author":1,"featured_media":105,"comment_status":"open","ping_status":"open","sticky":false,"template":"","format":"standard","meta":{"colormag_page_container_layout":"default_layout","colormag_page_sidebar_layout":"default_layout","footnotes":""},"categories":[4],"tags":[],"class_list":["post-1730","post","type-post","status-publish","format-standard","has-post-thumbnail","hentry","category-infos-mairie"],"_links":{"self":[{"href":"https:\/\/jarnac-champagne.fr\/index.php\/wp-json\/wp\/v2\/posts\/1730","targetHints":{"allow":["GET"]}}],"collection":[{"href":"https:\/\/jarnac-champagne.fr\/index.php\/wp-json\/wp\/v2\/posts"}],"about":[{"href":"https:\/\/jarnac-champagne.fr\/index.php\/wp-json\/wp\/v2\/types\/post"}],"author":[{"embeddable":true,"href":"https:\/\/jarnac-champagne.fr\/index.php\/wp-json\/wp\/v2\/users\/1"}],"replies":[{"embeddable":true,"href":"https:\/\/jarnac-champagne.fr\/index.php\/wp-json\/wp\/v2\/comments?post=1730"}],"version-history":[{"count":2,"href":"https:\/\/jarnac-champagne.fr\/index.php\/wp-json\/wp\/v2\/posts\/1730\/revisions"}],"predecessor-version":[{"id":1733,"href":"https:\/\/jarnac-champagne.fr\/index.php\/wp-json\/wp\/v2\/posts\/1730\/revisions\/1733"}],"wp:featuredmedia":[{"embeddable":true,"href":"https:\/\/jarnac-champagne.fr\/index.php\/wp-json\/wp\/v2\/media\/105"}],"wp:attachment":[{"href":"https:\/\/jarnac-champagne.fr\/index.php\/wp-json\/wp\/v2\/media?parent=1730"}],"wp:term":[{"taxonomy":"category","embeddable":true,"href":"https:\/\/jarnac-champagne.fr\/index.php\/wp-json\/wp\/v2\/categories?post=1730"},{"taxonomy":"post_tag","embeddable":true,"href":"https:\/\/jarnac-champagne.fr\/index.php\/wp-json\/wp\/v2\/tags?post=1730"}],"curies":[{"name":"wp","href":"https:\/\/api.w.org\/{rel}","templated":true}]}}