{"id":1734,"date":"2021-05-03T19:36:01","date_gmt":"2021-05-03T17:36:01","guid":{"rendered":"https:\/\/jarnac-champagne.fr\/\/\/?p=1734"},"modified":"2021-05-03T19:36:02","modified_gmt":"2021-05-03T17:36:02","slug":"enedis-vous-informe-coupure-de-courant","status":"publish","type":"post","link":"https:\/\/jarnac-champagne.fr\/index.php\/2021\/05\/03\/enedis-vous-informe-coupure-de-courant\/","title":{"rendered":"ENEDIS vous informe : Coupure de courant"},"content":{"rendered":"\n<p>Les \u00e9quipes mettent tout en \u0153uvre pour r\u00e9duire autant que possible les perturbations li\u00e9es \u00e0 ces travaux. L\u2019alimentation pourra \u00eatre r\u00e9tablie \u00e0 tout moment avant la fin de la plage indiqu\u00e9e.<br>Pour prot\u00e9ger au mieux vos appareils sensibles, nous vous recommandons de les d\u00e9brancher avant l&rsquo;heure de d\u00e9but de coupure indiqu\u00e9e, et de ne les rebrancher qu\u2019une fois le courant r\u00e9tabli.<\/p>\n\n\n\n<h2 class=\"has-text-align-center wp-block-heading\"><strong><span class=\"has-inline-color has-luminous-vivid-orange-color\">Horaires des coupures\u00a0: vendredi 28 mai 2021 de 08h15 \u00e0 12h00<\/span><\/strong><\/h2>\n\n\n\n<h2 class=\"has-text-align-center wp-block-heading\"><span class=\"has-inline-color has-vivid-green-cyan-color\"><strong>Quartiers ou lieux-dits <\/strong><\/span><\/h2>\n\n\n\n<p>12 chemin DE BONNEMORT<\/p>\n\n\n\n<p>3, 11, 15, 10 au 14 rue DES TONNEAUX<\/p>\n\n\n\n<p>RUE DES TONNEAUX<\/p>\n\n\n\n<p>12 chemin LA PITARDERIE<\/p>\n\n\n\n<p>LES GRAVETTES<\/p>\n\n\n\n<p>7 au 11, 6, 10 rue LA FEUILLARDE<\/p>\n\n\n\n<p>LA ROBINERIE<\/p>\n\n\n\n<p>1, 7, 2, 6 au 10 chemin DU RAZ<\/p>\n\n\n\n<p>12 chemin DE LA MERCIERE<\/p>\n\n\n\n<p>19, 18, 24 chemin DE LA FESSADE<\/p>\n\n\n\n<p>LE NABLAT<\/p>\n\n\n\n<p>ROUTE DE LA CROIX BASSE<\/p>\n\n\n\n<p>1 au 3, 6 au 8, 14 rue DES GRAVETTES<\/p>\n\n\n\n<p>CHAMPAGNE DE LA RIVIERE<\/p>\n\n\n\n<p>2, 6 rue ARBOUIN<\/p>\n\n\n\n<p>5, 13 rue DE LA JEUNESSE<\/p>\n\n\n\n<p>8 chemin PERRAUD<\/p>\n\n\n\n<p>LA BERTAUDRIE<\/p>\n\n\n\n<p>1, 6 impasse ARBOUIN<\/p>\n\n\n\n<p>ROUTE DE MINAUFOND<\/p>\n\n\n\n<p>chemin DE LA RIVIERE<\/p>\n\n\n\n<p>6, 10 chemin DES BARELLES<\/p>\n\n\n\n<p>8 ROUTE DE JONZAC<\/p>\n\n\n\n<p>LA BESSE<\/p>\n\n\n\n<p>21, 25, 33, 16 au 24, 25B rue DU CHATEAU<\/p>\n\n\n\n<p>30 ROUTE DE CHADENAC<\/p>\n","protected":false},"excerpt":{"rendered":"<p>Les \u00e9quipes mettent tout en \u0153uvre pour r\u00e9duire autant que possible les perturbations li\u00e9es \u00e0 ces travaux. L\u2019alimentation pourra \u00eatre<\/p>\n","protected":false},"author":1,"featured_media":105,"comment_status":"open","ping_status":"open","sticky":false,"template":"","format":"standard","meta":{"colormag_page_container_layout":"default_layout","colormag_page_sidebar_layout":"default_layout","footnotes":""},"categories":[4],"tags":[],"class_list":["post-1734","post","type-post","status-publish","format-standard","has-post-thumbnail","hentry","category-infos-mairie"],"_links":{"self":[{"href":"https:\/\/jarnac-champagne.fr\/index.php\/wp-json\/wp\/v2\/posts\/1734","targetHints":{"allow":["GET"]}}],"collection":[{"href":"https:\/\/jarnac-champagne.fr\/index.php\/wp-json\/wp\/v2\/posts"}],"about":[{"href":"https:\/\/jarnac-champagne.fr\/index.php\/wp-json\/wp\/v2\/types\/post"}],"author":[{"embeddable":true,"href":"https:\/\/jarnac-champagne.fr\/index.php\/wp-json\/wp\/v2\/users\/1"}],"replies":[{"embeddable":true,"href":"https:\/\/jarnac-champagne.fr\/index.php\/wp-json\/wp\/v2\/comments?post=1734"}],"version-history":[{"count":1,"href":"https:\/\/jarnac-champagne.fr\/index.php\/wp-json\/wp\/v2\/posts\/1734\/revisions"}],"predecessor-version":[{"id":1735,"href":"https:\/\/jarnac-champagne.fr\/index.php\/wp-json\/wp\/v2\/posts\/1734\/revisions\/1735"}],"wp:featuredmedia":[{"embeddable":true,"href":"https:\/\/jarnac-champagne.fr\/index.php\/wp-json\/wp\/v2\/media\/105"}],"wp:attachment":[{"href":"https:\/\/jarnac-champagne.fr\/index.php\/wp-json\/wp\/v2\/media?parent=1734"}],"wp:term":[{"taxonomy":"category","embeddable":true,"href":"https:\/\/jarnac-champagne.fr\/index.php\/wp-json\/wp\/v2\/categories?post=1734"},{"taxonomy":"post_tag","embeddable":true,"href":"https:\/\/jarnac-champagne.fr\/index.php\/wp-json\/wp\/v2\/tags?post=1734"}],"curies":[{"name":"wp","href":"https:\/\/api.w.org\/{rel}","templated":true}]}}