{"id":1746,"date":"2021-05-05T22:38:21","date_gmt":"2021-05-05T20:38:21","guid":{"rendered":"https:\/\/jarnac-champagne.fr\/\/\/?p=1746"},"modified":"2021-05-05T22:38:23","modified_gmt":"2021-05-05T20:38:23","slug":"les-maires-pour-la-planete","status":"publish","type":"post","link":"https:\/\/jarnac-champagne.fr\/index.php\/2021\/05\/05\/les-maires-pour-la-planete\/","title":{"rendered":"Les Maires pour la Plan\u00e8te"},"content":{"rendered":"\n<p>En accord avec le Conseil Municipal, j&rsquo;ai souhait\u00e9 adh\u00e9rer \u00e0 l&rsquo;association \u00ab\u00a0Les Maires pour la Plan\u00e8te\u00a0\u00bb, <\/p>\n\n\n\n<p>Elle permet de recenser les bonnes pratiques environnementales, et s\u2019engage \u00e0 les faire largement conna\u00eetre, pour que chaque Maire puisse s\u2019en inspirer.<\/p>\n\n\n\n<p>Il est privil\u00e9gi\u00e9 les dispositifs op\u00e9rationnels, efficaces, peu co\u00fbteux et\/ou qui b\u00e9n\u00e9ficient de subventions.<\/p>\n\n\n\n<p>Une belle initiative qui nous permet d&rsquo;\u00e9changer autour de ce vaste sujet, \u00e0 savoir, la protection de notre environnement. <\/p>\n\n\n\n<p>Retrouvez mes 2 t\u00e9moignages (permanence des d\u00e9chets verts) : <a href=\"http:\/\/lesmairespourlaplanete.fr\/2021\/04\/26\/recolte-des-dechets-verts\/\" data-type=\"URL\" data-id=\"http:\/\/lesmairespourlaplanete.fr\/2021\/04\/26\/recolte-des-dechets-verts\/\">http:\/\/lesmairespourlaplanete.fr\/2021\/04\/26\/recolte-des-dechets-verts\/<\/a> et les d\u00e9chets de la cantine sur la page Facebook de l&rsquo;association.<\/p>\n\n\n\n<div class=\"wp-block-image\"><figure class=\"aligncenter size-large\"><img loading=\"lazy\" decoding=\"async\" width=\"505\" height=\"578\" src=\"https:\/\/jarnac-champagne.fr\/\/\/wp-content\/uploads\/2021\/05\/Maires_Planete_Cantine.png\" alt=\"\" class=\"wp-image-1752\" srcset=\"https:\/\/jarnac-champagne.fr\/wp-content\/uploads\/2021\/05\/Maires_Planete_Cantine.png 505w, https:\/\/jarnac-champagne.fr\/wp-content\/uploads\/2021\/05\/Maires_Planete_Cantine-262x300.png 262w\" sizes=\"auto, (max-width: 505px) 100vw, 505px\" \/><\/figure><\/div>\n\n\n\n<p><\/p>\n\n\n\n<p>Pour en savoir plus : <a href=\"http:\/\/lesmairespourlaplanete.fr\/\" target=\"_blank\" rel=\"noreferrer noopener\">http:\/\/lesmairespourlaplanete.fr\/<\/a><\/p>\n\n\n\n<p>Christelle Neau<\/p>\n","protected":false},"excerpt":{"rendered":"<p>En accord avec le Conseil Municipal, j&rsquo;ai souhait\u00e9 adh\u00e9rer \u00e0 l&rsquo;association \u00ab\u00a0Les Maires pour la Plan\u00e8te\u00a0\u00bb, Elle permet de recenser<\/p>\n","protected":false},"author":1,"featured_media":105,"comment_status":"open","ping_status":"open","sticky":false,"template":"","format":"standard","meta":{"colormag_page_container_layout":"default_layout","colormag_page_sidebar_layout":"default_layout","footnotes":""},"categories":[9,4],"tags":[],"class_list":["post-1746","post","type-post","status-publish","format-standard","has-post-thumbnail","hentry","category-informations-diverses","category-infos-mairie"],"_links":{"self":[{"href":"https:\/\/jarnac-champagne.fr\/index.php\/wp-json\/wp\/v2\/posts\/1746","targetHints":{"allow":["GET"]}}],"collection":[{"href":"https:\/\/jarnac-champagne.fr\/index.php\/wp-json\/wp\/v2\/posts"}],"about":[{"href":"https:\/\/jarnac-champagne.fr\/index.php\/wp-json\/wp\/v2\/types\/post"}],"author":[{"embeddable":true,"href":"https:\/\/jarnac-champagne.fr\/index.php\/wp-json\/wp\/v2\/users\/1"}],"replies":[{"embeddable":true,"href":"https:\/\/jarnac-champagne.fr\/index.php\/wp-json\/wp\/v2\/comments?post=1746"}],"version-history":[{"count":2,"href":"https:\/\/jarnac-champagne.fr\/index.php\/wp-json\/wp\/v2\/posts\/1746\/revisions"}],"predecessor-version":[{"id":1753,"href":"https:\/\/jarnac-champagne.fr\/index.php\/wp-json\/wp\/v2\/posts\/1746\/revisions\/1753"}],"wp:featuredmedia":[{"embeddable":true,"href":"https:\/\/jarnac-champagne.fr\/index.php\/wp-json\/wp\/v2\/media\/105"}],"wp:attachment":[{"href":"https:\/\/jarnac-champagne.fr\/index.php\/wp-json\/wp\/v2\/media?parent=1746"}],"wp:term":[{"taxonomy":"category","embeddable":true,"href":"https:\/\/jarnac-champagne.fr\/index.php\/wp-json\/wp\/v2\/categories?post=1746"},{"taxonomy":"post_tag","embeddable":true,"href":"https:\/\/jarnac-champagne.fr\/index.php\/wp-json\/wp\/v2\/tags?post=1746"}],"curies":[{"name":"wp","href":"https:\/\/api.w.org\/{rel}","templated":true}]}}