{"id":1824,"date":"2021-05-30T23:12:01","date_gmt":"2021-05-30T21:12:01","guid":{"rendered":"https:\/\/jarnac-champagne.fr\/\/\/?p=1824"},"modified":"2021-05-30T23:12:02","modified_gmt":"2021-05-30T21:12:02","slug":"agenda-estival","status":"publish","type":"post","link":"https:\/\/jarnac-champagne.fr\/index.php\/2021\/05\/30\/agenda-estival\/","title":{"rendered":"Agenda estival"},"content":{"rendered":"\n<p>Progressivement, tranquillement mais s\u00fbrement, nous sortons des confinements successifs et de la p\u00e9riode si particuli\u00e8re que nous vivons.<\/p>\n\n\n\n<p>Nous aspirons tous \u00e0 reprendre une vie \u00ab\u00a0normale\u00a0\u00bb rapidement, la vaccination aidera s\u00fbrement \u00e0 cela. Restons optimistes et surtout prudents en respectant les gestes barri\u00e8re et le port du masque aussi souvent que possible.<\/p>\n\n\n\n<p>L&rsquo;arriv\u00e9e de l&rsquo;\u00e9t\u00e9 est propice aux manifestations, c&rsquo;est pourquoi, nous pouvons vous d\u00e9voiler quelques dates \u00e0 noter sur vos agendas d\u00e8s maintenant.<\/p>\n\n\n\n<p><strong><span class=\"has-inline-color has-vivid-purple-color\">Samedi 24 juillet : Course cycliste f\u00e9minine<\/span><\/strong> &#8211; Tour de la Charente-Maritime. Arriv\u00e9e d&rsquo;\u00e9tape \u00e0 Jarnac en fin de matin\u00e9e puis contre-la-montre sur la commune l&rsquo;apr\u00e8s-midi.<\/p>\n\n\n\n<p><strong><span class=\"has-inline-color has-vivid-green-cyan-color\">Vendredi 30 juillet : En Voiture Cinoche !<\/span><\/strong> S\u00e9ance de cin\u00e9 depuis la voiture dans le parc Barabeau. <\/p>\n\n\n\n<p><br><strong><span class=\"has-inline-color has-vivid-red-color\">Jeudi 05 ao\u00fbt : Concert Eurochestries<\/span><\/strong> dans l&rsquo;\u00e9glise. <\/p>\n\n\n\n<p>Surveillez bien les articles du site, la page Facebook et le panneau d&rsquo;informations, plus de pr\u00e9cisions  sur l&rsquo;organisation et les horaires vous seront communiqu\u00e9es ult\u00e9rieurement.<\/p>\n","protected":false},"excerpt":{"rendered":"<p>Progressivement, tranquillement mais s\u00fbrement, nous sortons des confinements successifs et de la p\u00e9riode si particuli\u00e8re que nous vivons. Nous aspirons<\/p>\n","protected":false},"author":1,"featured_media":1838,"comment_status":"open","ping_status":"open","sticky":false,"template":"","format":"standard","meta":{"colormag_page_container_layout":"default_layout","colormag_page_sidebar_layout":"default_layout","footnotes":""},"categories":[9,4],"tags":[],"class_list":["post-1824","post","type-post","status-publish","format-standard","has-post-thumbnail","hentry","category-informations-diverses","category-infos-mairie"],"_links":{"self":[{"href":"https:\/\/jarnac-champagne.fr\/index.php\/wp-json\/wp\/v2\/posts\/1824","targetHints":{"allow":["GET"]}}],"collection":[{"href":"https:\/\/jarnac-champagne.fr\/index.php\/wp-json\/wp\/v2\/posts"}],"about":[{"href":"https:\/\/jarnac-champagne.fr\/index.php\/wp-json\/wp\/v2\/types\/post"}],"author":[{"embeddable":true,"href":"https:\/\/jarnac-champagne.fr\/index.php\/wp-json\/wp\/v2\/users\/1"}],"replies":[{"embeddable":true,"href":"https:\/\/jarnac-champagne.fr\/index.php\/wp-json\/wp\/v2\/comments?post=1824"}],"version-history":[{"count":2,"href":"https:\/\/jarnac-champagne.fr\/index.php\/wp-json\/wp\/v2\/posts\/1824\/revisions"}],"predecessor-version":[{"id":1839,"href":"https:\/\/jarnac-champagne.fr\/index.php\/wp-json\/wp\/v2\/posts\/1824\/revisions\/1839"}],"wp:featuredmedia":[{"embeddable":true,"href":"https:\/\/jarnac-champagne.fr\/index.php\/wp-json\/wp\/v2\/media\/1838"}],"wp:attachment":[{"href":"https:\/\/jarnac-champagne.fr\/index.php\/wp-json\/wp\/v2\/media?parent=1824"}],"wp:term":[{"taxonomy":"category","embeddable":true,"href":"https:\/\/jarnac-champagne.fr\/index.php\/wp-json\/wp\/v2\/categories?post=1824"},{"taxonomy":"post_tag","embeddable":true,"href":"https:\/\/jarnac-champagne.fr\/index.php\/wp-json\/wp\/v2\/tags?post=1824"}],"curies":[{"name":"wp","href":"https:\/\/api.w.org\/{rel}","templated":true}]}}