{"id":1834,"date":"2021-05-30T23:04:10","date_gmt":"2021-05-30T21:04:10","guid":{"rendered":"https:\/\/jarnac-champagne.fr\/\/\/?p=1834"},"modified":"2021-05-30T23:04:11","modified_gmt":"2021-05-30T21:04:11","slug":"sud-ouest-29-05-21","status":"publish","type":"post","link":"https:\/\/jarnac-champagne.fr\/index.php\/2021\/05\/30\/sud-ouest-29-05-21\/","title":{"rendered":"Sud-Ouest &#8211; 29-05-21"},"content":{"rendered":"\n<p>F\u00e9licitations \u00e0 Philppe Tizon et son \u00e9quipe du Groupe Chalvignac dont le si\u00e8ge est \u00e0 Jarnac-Champagne. <\/p>\n\n\n\n<div class=\"wp-block-image\"><figure class=\"aligncenter size-large\"><img loading=\"lazy\" decoding=\"async\" width=\"616\" height=\"664\" src=\"https:\/\/jarnac-champagne.fr\/\/\/wp-content\/uploads\/2021\/05\/Chalvignac_29-05-21.png\" alt=\"\" class=\"wp-image-1836\" srcset=\"https:\/\/jarnac-champagne.fr\/wp-content\/uploads\/2021\/05\/Chalvignac_29-05-21.png 616w, https:\/\/jarnac-champagne.fr\/wp-content\/uploads\/2021\/05\/Chalvignac_29-05-21-278x300.png 278w\" sizes=\"auto, (max-width: 616px) 100vw, 616px\" \/><\/figure><\/div>\n","protected":false},"excerpt":{"rendered":"<p>F\u00e9licitations \u00e0 Philppe Tizon et son \u00e9quipe du Groupe Chalvignac dont le si\u00e8ge est \u00e0 Jarnac-Champagne.<\/p>\n","protected":false},"author":1,"featured_media":348,"comment_status":"open","ping_status":"open","sticky":false,"template":"","format":"standard","meta":{"colormag_page_container_layout":"default_layout","colormag_page_sidebar_layout":"default_layout","footnotes":""},"categories":[8],"tags":[],"class_list":["post-1834","post","type-post","status-publish","format-standard","has-post-thumbnail","hentry","category-presse"],"_links":{"self":[{"href":"https:\/\/jarnac-champagne.fr\/index.php\/wp-json\/wp\/v2\/posts\/1834","targetHints":{"allow":["GET"]}}],"collection":[{"href":"https:\/\/jarnac-champagne.fr\/index.php\/wp-json\/wp\/v2\/posts"}],"about":[{"href":"https:\/\/jarnac-champagne.fr\/index.php\/wp-json\/wp\/v2\/types\/post"}],"author":[{"embeddable":true,"href":"https:\/\/jarnac-champagne.fr\/index.php\/wp-json\/wp\/v2\/users\/1"}],"replies":[{"embeddable":true,"href":"https:\/\/jarnac-champagne.fr\/index.php\/wp-json\/wp\/v2\/comments?post=1834"}],"version-history":[{"count":1,"href":"https:\/\/jarnac-champagne.fr\/index.php\/wp-json\/wp\/v2\/posts\/1834\/revisions"}],"predecessor-version":[{"id":1837,"href":"https:\/\/jarnac-champagne.fr\/index.php\/wp-json\/wp\/v2\/posts\/1834\/revisions\/1837"}],"wp:featuredmedia":[{"embeddable":true,"href":"https:\/\/jarnac-champagne.fr\/index.php\/wp-json\/wp\/v2\/media\/348"}],"wp:attachment":[{"href":"https:\/\/jarnac-champagne.fr\/index.php\/wp-json\/wp\/v2\/media?parent=1834"}],"wp:term":[{"taxonomy":"category","embeddable":true,"href":"https:\/\/jarnac-champagne.fr\/index.php\/wp-json\/wp\/v2\/categories?post=1834"},{"taxonomy":"post_tag","embeddable":true,"href":"https:\/\/jarnac-champagne.fr\/index.php\/wp-json\/wp\/v2\/tags?post=1834"}],"curies":[{"name":"wp","href":"https:\/\/api.w.org\/{rel}","templated":true}]}}