{"id":1840,"date":"2021-06-02T23:19:11","date_gmt":"2021-06-02T21:19:11","guid":{"rendered":"https:\/\/jarnac-champagne.fr\/\/\/?p=1840"},"modified":"2021-06-02T23:19:13","modified_gmt":"2021-06-02T21:19:13","slug":"les-eleves-de-cm2-rencontrent-un-illustrateur","status":"publish","type":"post","link":"https:\/\/jarnac-champagne.fr\/index.php\/2021\/06\/02\/les-eleves-de-cm2-rencontrent-un-illustrateur\/","title":{"rendered":"Les \u00e9l\u00e8ves de CM2 rencontrent un illustrateur"},"content":{"rendered":"\n<p>Lundi 31 mai, S\u00e9batien Rocca, qui signe son travail sous le pseudo de Lamisseb, est venu dans la classe de CM2 de Jarnac-Champagne pour un atelier BD\/dessin d&rsquo;humour.<br>S\u00e9bastien Rocca est un illustrateur dont le travail est tr\u00e8s vari\u00e9 : dessins d&rsquo;actu pour la presse (Sud-Ouest), parutions dans des magazines, projets \u00e9ditoriaux, BD p\u00e9dagogiques&#8230; Apr\u00e8s avoir pr\u00e9sent\u00e9 son travail aux enfants, il leur a propos\u00e9 un atelier cr\u00e9ation sous forme de tuto. <\/p>\n\n\n\n<p>Le th\u00e8me : \u00ab\u00a0Licorne zombie\u00a0\u00bb. Chaque \u00e9l\u00e8ve a donc pu dessiner sa licorne.Pour finir il a propos\u00e9 un challenge \u00e0 choisir entre \u00ab\u00a0C&rsquo;est toi le sc\u00e9nariste\u00a0\u00bbpour lequel les \u00e9l\u00e8ves devaient \u00e9crire une histoire sur une bande de BD qu&rsquo;il avait dessin\u00e9 et entre \u00ab\u00a0Le d\u00e9fil\u00e9 de mode\u00a0\u00bb pour lequel ils devaient habiller des silhouettes. Les \u00e9l\u00e8ves se sont r\u00e9gal\u00e9s.<\/p>\n\n\n\n<p>Leurs travaux seront expos\u00e9s \u00e0 la salle des associations avec l&rsquo;exposition \u00ab\u00a0Les Noeils\u00a0\u00bb, un projet dessin d&rsquo;humour sous forme de planches de BD de Lamisseb.<\/p>\n\n\n\n<p>Merci \u00e0 la biblioth\u00e8que de Jarnac et \u00e0 la m\u00e9diath\u00e8que de Haute-Saintonge pour avoir propos\u00e9 ce moment tr\u00e8s riche aux \u00e9l\u00e8ves.<\/p>\n\n\n\n<figure class=\"wp-block-gallery columns-3 is-cropped wp-block-gallery-1 is-layout-flex wp-block-gallery-is-layout-flex\"><ul class=\"blocks-gallery-grid\"><li class=\"blocks-gallery-item\"><figure><img loading=\"lazy\" decoding=\"async\" width=\"768\" height=\"1024\" src=\"https:\/\/jarnac-champagne.fr\/\/\/wp-content\/uploads\/2021\/06\/BD_CM2-4-1-768x1024.jpg\" alt=\"\" data-id=\"1849\" data-full-url=\"https:\/\/jarnac-champagne.fr\/\/\/wp-content\/uploads\/2021\/06\/BD_CM2-4-1-scaled.jpg\" data-link=\"https:\/\/jarnac-champagne.fr\/\/\/?attachment_id=1849\" class=\"wp-image-1849\" srcset=\"https:\/\/jarnac-champagne.fr\/wp-content\/uploads\/2021\/06\/BD_CM2-4-1-768x1024.jpg 768w, https:\/\/jarnac-champagne.fr\/wp-content\/uploads\/2021\/06\/BD_CM2-4-1-225x300.jpg 225w, https:\/\/jarnac-champagne.fr\/wp-content\/uploads\/2021\/06\/BD_CM2-4-1-1152x1536.jpg 1152w, https:\/\/jarnac-champagne.fr\/wp-content\/uploads\/2021\/06\/BD_CM2-4-1-1536x2048.jpg 1536w, https:\/\/jarnac-champagne.fr\/wp-content\/uploads\/2021\/06\/BD_CM2-4-1-scaled.jpg 1920w\" sizes=\"auto, (max-width: 768px) 100vw, 768px\" \/><\/figure><\/li><li class=\"blocks-gallery-item\"><figure><img loading=\"lazy\" decoding=\"async\" width=\"1024\" height=\"768\" src=\"https:\/\/jarnac-champagne.fr\/\/\/wp-content\/uploads\/2021\/06\/BD_CM2-3-2-1024x768.jpg\" alt=\"\" data-id=\"1848\" data-full-url=\"https:\/\/jarnac-champagne.fr\/\/\/wp-content\/uploads\/2021\/06\/BD_CM2-3-2-scaled.jpg\" data-link=\"https:\/\/jarnac-champagne.fr\/\/\/?attachment_id=1848\" class=\"wp-image-1848\" srcset=\"https:\/\/jarnac-champagne.fr\/wp-content\/uploads\/2021\/06\/BD_CM2-3-2-1024x768.jpg 1024w, https:\/\/jarnac-champagne.fr\/wp-content\/uploads\/2021\/06\/BD_CM2-3-2-300x225.jpg 300w, https:\/\/jarnac-champagne.fr\/wp-content\/uploads\/2021\/06\/BD_CM2-3-2-768x576.jpg 768w, https:\/\/jarnac-champagne.fr\/wp-content\/uploads\/2021\/06\/BD_CM2-3-2-1536x1152.jpg 1536w, https:\/\/jarnac-champagne.fr\/wp-content\/uploads\/2021\/06\/BD_CM2-3-2-2048x1536.jpg 2048w\" sizes=\"auto, (max-width: 1024px) 100vw, 1024px\" \/><\/figure><\/li><li class=\"blocks-gallery-item\"><figure><img loading=\"lazy\" decoding=\"async\" width=\"768\" height=\"1024\" src=\"https:\/\/jarnac-champagne.fr\/\/\/wp-content\/uploads\/2021\/06\/BD_CM2-1-768x1024.jpg\" alt=\"\" data-id=\"1845\" data-full-url=\"https:\/\/jarnac-champagne.fr\/\/\/wp-content\/uploads\/2021\/06\/BD_CM2-1-scaled.jpg\" data-link=\"https:\/\/jarnac-champagne.fr\/\/\/?attachment_id=1845\" class=\"wp-image-1845\" srcset=\"https:\/\/jarnac-champagne.fr\/wp-content\/uploads\/2021\/06\/BD_CM2-1-768x1024.jpg 768w, https:\/\/jarnac-champagne.fr\/wp-content\/uploads\/2021\/06\/BD_CM2-1-225x300.jpg 225w, https:\/\/jarnac-champagne.fr\/wp-content\/uploads\/2021\/06\/BD_CM2-1-1152x1536.jpg 1152w, https:\/\/jarnac-champagne.fr\/wp-content\/uploads\/2021\/06\/BD_CM2-1-1536x2048.jpg 1536w, https:\/\/jarnac-champagne.fr\/wp-content\/uploads\/2021\/06\/BD_CM2-1-scaled.jpg 1920w\" sizes=\"auto, (max-width: 768px) 100vw, 768px\" \/><\/figure><\/li><li class=\"blocks-gallery-item\"><figure><img loading=\"lazy\" decoding=\"async\" width=\"1024\" height=\"768\" src=\"https:\/\/jarnac-champagne.fr\/\/\/wp-content\/uploads\/2021\/06\/BD_CM2-2-1-1024x768.jpg\" alt=\"\" data-id=\"1847\" data-full-url=\"https:\/\/jarnac-champagne.fr\/\/\/wp-content\/uploads\/2021\/06\/BD_CM2-2-1-scaled.jpg\" data-link=\"https:\/\/jarnac-champagne.fr\/\/\/?attachment_id=1847\" class=\"wp-image-1847\" srcset=\"https:\/\/jarnac-champagne.fr\/wp-content\/uploads\/2021\/06\/BD_CM2-2-1-1024x768.jpg 1024w, https:\/\/jarnac-champagne.fr\/wp-content\/uploads\/2021\/06\/BD_CM2-2-1-300x225.jpg 300w, https:\/\/jarnac-champagne.fr\/wp-content\/uploads\/2021\/06\/BD_CM2-2-1-768x576.jpg 768w, https:\/\/jarnac-champagne.fr\/wp-content\/uploads\/2021\/06\/BD_CM2-2-1-1536x1152.jpg 1536w, https:\/\/jarnac-champagne.fr\/wp-content\/uploads\/2021\/06\/BD_CM2-2-1-2048x1536.jpg 2048w\" sizes=\"auto, (max-width: 1024px) 100vw, 1024px\" \/><\/figure><\/li><\/ul><\/figure>\n","protected":false},"excerpt":{"rendered":"<p>Lundi 31 mai, S\u00e9batien Rocca, qui signe son travail sous le pseudo de Lamisseb, est venu dans la classe de<\/p>\n","protected":false},"author":1,"featured_media":103,"comment_status":"open","ping_status":"open","sticky":false,"template":"","format":"standard","meta":{"colormag_page_container_layout":"default_layout","colormag_page_sidebar_layout":"default_layout","footnotes":""},"categories":[5],"tags":[],"class_list":["post-1840","post","type-post","status-publish","format-standard","has-post-thumbnail","hentry","category-infos-ecole"],"_links":{"self":[{"href":"https:\/\/jarnac-champagne.fr\/index.php\/wp-json\/wp\/v2\/posts\/1840","targetHints":{"allow":["GET"]}}],"collection":[{"href":"https:\/\/jarnac-champagne.fr\/index.php\/wp-json\/wp\/v2\/posts"}],"about":[{"href":"https:\/\/jarnac-champagne.fr\/index.php\/wp-json\/wp\/v2\/types\/post"}],"author":[{"embeddable":true,"href":"https:\/\/jarnac-champagne.fr\/index.php\/wp-json\/wp\/v2\/users\/1"}],"replies":[{"embeddable":true,"href":"https:\/\/jarnac-champagne.fr\/index.php\/wp-json\/wp\/v2\/comments?post=1840"}],"version-history":[{"count":3,"href":"https:\/\/jarnac-champagne.fr\/index.php\/wp-json\/wp\/v2\/posts\/1840\/revisions"}],"predecessor-version":[{"id":1851,"href":"https:\/\/jarnac-champagne.fr\/index.php\/wp-json\/wp\/v2\/posts\/1840\/revisions\/1851"}],"wp:featuredmedia":[{"embeddable":true,"href":"https:\/\/jarnac-champagne.fr\/index.php\/wp-json\/wp\/v2\/media\/103"}],"wp:attachment":[{"href":"https:\/\/jarnac-champagne.fr\/index.php\/wp-json\/wp\/v2\/media?parent=1840"}],"wp:term":[{"taxonomy":"category","embeddable":true,"href":"https:\/\/jarnac-champagne.fr\/index.php\/wp-json\/wp\/v2\/categories?post=1840"},{"taxonomy":"post_tag","embeddable":true,"href":"https:\/\/jarnac-champagne.fr\/index.php\/wp-json\/wp\/v2\/tags?post=1840"}],"curies":[{"name":"wp","href":"https:\/\/api.w.org\/{rel}","templated":true}]}}