{"id":1868,"date":"2024-05-30T22:27:08","date_gmt":"2024-05-30T20:27:08","guid":{"rendered":"https:\/\/jarnac-champagne.fr\/\/\/?p=1868"},"modified":"2024-05-30T22:27:10","modified_gmt":"2024-05-30T20:27:10","slug":"piscine-darchiac","status":"publish","type":"post","link":"https:\/\/jarnac-champagne.fr\/index.php\/2024\/05\/30\/piscine-darchiac\/","title":{"rendered":"Ouverture de la piscine d&rsquo;Archiac"},"content":{"rendered":"\n<p>Le soleil va bient\u00f4t arriver et qui dit chaleur dit vacances, repos, loisirs et baignade&#8230;<\/p>\n\n\n\n<p>La piscine d&rsquo;Archiac ouvrira ses portes le <strong>samedi 1er juin.<\/strong> Les \u00e9l\u00e8ves de notre RPI en profiteront durant ce mois si la m\u00e9t\u00e9o le permet et puis nos ados en p\u00e9riode estivale. C&rsquo;est aussi l&rsquo;occasion pour les plus jeunes d&rsquo;apprendre \u00e0 nager. Belle saison \u00e0 tout le personnel qui \u0153uvrera pour la plaisir des petits et des grands.<\/p>\n\n\n<a href=\"https:\/\/jarnac-champagne.fr\/\/\/wp-content\/uploads\/2021\/06\/affiche-tarif-piscine-2024.pdf\" class=\"pdfemb-viewer\" style=\"\" data-width=\"max\" data-height=\"max\" data-toolbar=\"bottom\" data-toolbar-fixed=\"off\">affiche-tarif-piscine-2024<\/a>","protected":false},"excerpt":{"rendered":"<p>Le soleil va bient\u00f4t arriver et qui dit chaleur dit vacances, repos, loisirs et baignade&#8230; La piscine d&rsquo;Archiac ouvrira ses<\/p>\n","protected":false},"author":1,"featured_media":105,"comment_status":"open","ping_status":"open","sticky":false,"template":"","format":"standard","meta":{"colormag_page_container_layout":"default_layout","colormag_page_sidebar_layout":"default_layout","footnotes":""},"categories":[4],"tags":[],"class_list":["post-1868","post","type-post","status-publish","format-standard","has-post-thumbnail","hentry","category-infos-mairie"],"_links":{"self":[{"href":"https:\/\/jarnac-champagne.fr\/index.php\/wp-json\/wp\/v2\/posts\/1868","targetHints":{"allow":["GET"]}}],"collection":[{"href":"https:\/\/jarnac-champagne.fr\/index.php\/wp-json\/wp\/v2\/posts"}],"about":[{"href":"https:\/\/jarnac-champagne.fr\/index.php\/wp-json\/wp\/v2\/types\/post"}],"author":[{"embeddable":true,"href":"https:\/\/jarnac-champagne.fr\/index.php\/wp-json\/wp\/v2\/users\/1"}],"replies":[{"embeddable":true,"href":"https:\/\/jarnac-champagne.fr\/index.php\/wp-json\/wp\/v2\/comments?post=1868"}],"version-history":[{"count":2,"href":"https:\/\/jarnac-champagne.fr\/index.php\/wp-json\/wp\/v2\/posts\/1868\/revisions"}],"predecessor-version":[{"id":5873,"href":"https:\/\/jarnac-champagne.fr\/index.php\/wp-json\/wp\/v2\/posts\/1868\/revisions\/5873"}],"wp:featuredmedia":[{"embeddable":true,"href":"https:\/\/jarnac-champagne.fr\/index.php\/wp-json\/wp\/v2\/media\/105"}],"wp:attachment":[{"href":"https:\/\/jarnac-champagne.fr\/index.php\/wp-json\/wp\/v2\/media?parent=1868"}],"wp:term":[{"taxonomy":"category","embeddable":true,"href":"https:\/\/jarnac-champagne.fr\/index.php\/wp-json\/wp\/v2\/categories?post=1868"},{"taxonomy":"post_tag","embeddable":true,"href":"https:\/\/jarnac-champagne.fr\/index.php\/wp-json\/wp\/v2\/tags?post=1868"}],"curies":[{"name":"wp","href":"https:\/\/api.w.org\/{rel}","templated":true}]}}