{"id":1925,"date":"2021-06-27T23:14:00","date_gmt":"2021-06-27T21:14:00","guid":{"rendered":"https:\/\/jarnac-champagne.fr\/\/\/?p=1925"},"modified":"2021-06-27T23:14:01","modified_gmt":"2021-06-27T21:14:01","slug":"resultats-des-elections-regionales-2nd-tour","status":"publish","type":"post","link":"https:\/\/jarnac-champagne.fr\/index.php\/2021\/06\/27\/resultats-des-elections-regionales-2nd-tour\/","title":{"rendered":"R\u00e9sultats des \u00e9lections r\u00e9gionales &#8211; 2nd tour"},"content":{"rendered":"\n<div class=\"wp-block-image\"><figure class=\"aligncenter size-large\"><img loading=\"lazy\" decoding=\"async\" width=\"815\" height=\"659\" src=\"https:\/\/jarnac-champagne.fr\/\/\/wp-content\/uploads\/2021\/06\/Elections_Regionales_27-06-21.png\" alt=\"\" class=\"wp-image-1926\" srcset=\"https:\/\/jarnac-champagne.fr\/wp-content\/uploads\/2021\/06\/Elections_Regionales_27-06-21.png 815w, https:\/\/jarnac-champagne.fr\/wp-content\/uploads\/2021\/06\/Elections_Regionales_27-06-21-300x243.png 300w, https:\/\/jarnac-champagne.fr\/wp-content\/uploads\/2021\/06\/Elections_Regionales_27-06-21-768x621.png 768w\" sizes=\"auto, (max-width: 815px) 100vw, 815px\" \/><\/figure><\/div>\n","protected":false},"excerpt":{"rendered":"","protected":false},"author":1,"featured_media":1911,"comment_status":"open","ping_status":"open","sticky":false,"template":"","format":"standard","meta":{"colormag_page_container_layout":"default_layout","colormag_page_sidebar_layout":"default_layout","footnotes":""},"categories":[4],"tags":[],"class_list":["post-1925","post","type-post","status-publish","format-standard","has-post-thumbnail","hentry","category-infos-mairie"],"_links":{"self":[{"href":"https:\/\/jarnac-champagne.fr\/index.php\/wp-json\/wp\/v2\/posts\/1925","targetHints":{"allow":["GET"]}}],"collection":[{"href":"https:\/\/jarnac-champagne.fr\/index.php\/wp-json\/wp\/v2\/posts"}],"about":[{"href":"https:\/\/jarnac-champagne.fr\/index.php\/wp-json\/wp\/v2\/types\/post"}],"author":[{"embeddable":true,"href":"https:\/\/jarnac-champagne.fr\/index.php\/wp-json\/wp\/v2\/users\/1"}],"replies":[{"embeddable":true,"href":"https:\/\/jarnac-champagne.fr\/index.php\/wp-json\/wp\/v2\/comments?post=1925"}],"version-history":[{"count":1,"href":"https:\/\/jarnac-champagne.fr\/index.php\/wp-json\/wp\/v2\/posts\/1925\/revisions"}],"predecessor-version":[{"id":1927,"href":"https:\/\/jarnac-champagne.fr\/index.php\/wp-json\/wp\/v2\/posts\/1925\/revisions\/1927"}],"wp:featuredmedia":[{"embeddable":true,"href":"https:\/\/jarnac-champagne.fr\/index.php\/wp-json\/wp\/v2\/media\/1911"}],"wp:attachment":[{"href":"https:\/\/jarnac-champagne.fr\/index.php\/wp-json\/wp\/v2\/media?parent=1925"}],"wp:term":[{"taxonomy":"category","embeddable":true,"href":"https:\/\/jarnac-champagne.fr\/index.php\/wp-json\/wp\/v2\/categories?post=1925"},{"taxonomy":"post_tag","embeddable":true,"href":"https:\/\/jarnac-champagne.fr\/index.php\/wp-json\/wp\/v2\/tags?post=1925"}],"curies":[{"name":"wp","href":"https:\/\/api.w.org\/{rel}","templated":true}]}}