{"id":1944,"date":"2021-07-02T17:29:58","date_gmt":"2021-07-02T15:29:58","guid":{"rendered":"https:\/\/jarnac-champagne.fr\/\/\/?p=1944"},"modified":"2021-07-02T17:29:59","modified_gmt":"2021-07-02T15:29:59","slug":"en-savoir-plus-sur-le-role-du-maire-et-du-conseil-municipal","status":"publish","type":"post","link":"https:\/\/jarnac-champagne.fr\/index.php\/2021\/07\/02\/en-savoir-plus-sur-le-role-du-maire-et-du-conseil-municipal\/","title":{"rendered":"En savoir plus sur le r\u00f4le du maire et du conseil municipal"},"content":{"rendered":"\n<p>Des clips p\u00e9dagogiques r\u00e9alis\u00e9s et mis \u00e0 disposition par l&rsquo;Association des Maires de France (AMF) pour mieux comprendre  les comp\u00e9tences et le fonctionnement de la commune et de l&rsquo;intercommunalit\u00e9.<\/p>\n\n\n\n<figure class=\"wp-block-video\"><video controls src=\"https:\/\/www.amf.asso.fr\/img\/video\/2.AMF_role-du-maire-et-du-conseil-municipal_WEB.mp4\"><\/video><\/figure>\n\n\n\n<figure class=\"wp-block-video\"><video controls src=\"https:\/\/www.amf.asso.fr\/img\/video\/3.AMF_role-des-intercommunalites_WEB.mp4\"><\/video><\/figure>\n","protected":false},"excerpt":{"rendered":"<p>Des clips p\u00e9dagogiques r\u00e9alis\u00e9s et mis \u00e0 disposition par l&rsquo;Association des Maires de France (AMF) pour mieux comprendre les comp\u00e9tences<\/p>\n","protected":false},"author":1,"featured_media":105,"comment_status":"open","ping_status":"open","sticky":false,"template":"","format":"standard","meta":{"colormag_page_container_layout":"default_layout","colormag_page_sidebar_layout":"default_layout","footnotes":""},"categories":[4],"tags":[],"class_list":["post-1944","post","type-post","status-publish","format-standard","has-post-thumbnail","hentry","category-infos-mairie"],"_links":{"self":[{"href":"https:\/\/jarnac-champagne.fr\/index.php\/wp-json\/wp\/v2\/posts\/1944","targetHints":{"allow":["GET"]}}],"collection":[{"href":"https:\/\/jarnac-champagne.fr\/index.php\/wp-json\/wp\/v2\/posts"}],"about":[{"href":"https:\/\/jarnac-champagne.fr\/index.php\/wp-json\/wp\/v2\/types\/post"}],"author":[{"embeddable":true,"href":"https:\/\/jarnac-champagne.fr\/index.php\/wp-json\/wp\/v2\/users\/1"}],"replies":[{"embeddable":true,"href":"https:\/\/jarnac-champagne.fr\/index.php\/wp-json\/wp\/v2\/comments?post=1944"}],"version-history":[{"count":1,"href":"https:\/\/jarnac-champagne.fr\/index.php\/wp-json\/wp\/v2\/posts\/1944\/revisions"}],"predecessor-version":[{"id":1945,"href":"https:\/\/jarnac-champagne.fr\/index.php\/wp-json\/wp\/v2\/posts\/1944\/revisions\/1945"}],"wp:featuredmedia":[{"embeddable":true,"href":"https:\/\/jarnac-champagne.fr\/index.php\/wp-json\/wp\/v2\/media\/105"}],"wp:attachment":[{"href":"https:\/\/jarnac-champagne.fr\/index.php\/wp-json\/wp\/v2\/media?parent=1944"}],"wp:term":[{"taxonomy":"category","embeddable":true,"href":"https:\/\/jarnac-champagne.fr\/index.php\/wp-json\/wp\/v2\/categories?post=1944"},{"taxonomy":"post_tag","embeddable":true,"href":"https:\/\/jarnac-champagne.fr\/index.php\/wp-json\/wp\/v2\/tags?post=1944"}],"curies":[{"name":"wp","href":"https:\/\/api.w.org\/{rel}","templated":true}]}}