{"id":1946,"date":"2021-07-02T17:32:14","date_gmt":"2021-07-02T15:32:14","guid":{"rendered":"https:\/\/jarnac-champagne.fr\/\/\/?p=1946"},"modified":"2021-07-02T17:32:15","modified_gmt":"2021-07-02T15:32:15","slug":"arrete-prefectoral-port-du-masque","status":"publish","type":"post","link":"https:\/\/jarnac-champagne.fr\/index.php\/2021\/07\/02\/arrete-prefectoral-port-du-masque\/","title":{"rendered":"Arr\u00eat\u00e9 pr\u00e9fectoral : Port du masque"},"content":{"rendered":"\n<p class=\"has-text-align-center\"><strong><span class=\"has-inline-color has-vivid-green-cyan-color\">NOUVEAU PROTOCOLE CONCERNANT LE PORT DU MASQUE<\/span><\/strong><\/p>\n\n\n\n<p>Pour accompagner cette nouvelle \u00e9tape de sortie de l\u2019\u00e9tat d\u2019urgence sanitaire, le pr\u00e9fet de la Charente-Maritime a sign\u00e9 ce jour un arr\u00eat\u00e9 pr\u00e9cisant les modalit\u00e9s d\u00e9sormais applicables concernant le port du masque de protection contre le covid-19.<\/p>\n\n\n\n<p>Ainsi<strong><span class=\"has-inline-color has-luminous-vivid-amber-color\">, jusqu\u2019au 16 juillet 2021 et dans toutes les communes du d\u00e9partement<\/span><\/strong>, le <strong><span class=\"has-inline-color has-luminous-vivid-orange-color\">port du masque est obligatoire pour toute personne de plus de onze ans dans les p\u00e9rim\u00e8tres suivants\u00a0:<\/span><\/strong><\/p>\n\n\n\n<ul class=\"wp-block-list\"><li>march\u00e9s alimentaires et non-alimentaires, brocantes et vide-greniers, foires et f\u00eates foraines, ventes au d\u00e9ballage ;<\/li><li>tout rassemblement public g\u00e9n\u00e9rant un regroupement de population, lorsque celui-ci n\u2019est pas soumis \u00e0 l&rsquo;obligation de pr\u00e9sentation d&rsquo;un pass sanitaire (nombre de visiteurs ou de spectateurs inf\u00e9rieur \u00e0 1 000 personnes) :<strong><span class=\"has-inline-color has-luminous-vivid-orange-color\"> manifestations sur la voie publique d\u00e9clar\u00e9es, festivals, spectacles de rue, feux d&rsquo;artifice, concerts en plein-air et \u00e9v\u00e9nements sportifs de plein-air ;<\/span><\/strong><\/li><li>files d&rsquo;attente ;<\/li><li>abords des gares, a\u00e9roports et ports (rayon de 50 m) ;<\/li><li>abords des centres commerciaux aux heures de forte affluence (rayon de 50 m), abords des \u00e9coles aux heures d&rsquo;entr\u00e9e et de sortie (rayon de 50 m), abords des lieux de culte au moment des offices (rayon de 50 m) ;<\/li><li>abords des h\u00f4pitaux et des centres de vaccination (rayon de 50 m).<\/li><\/ul>\n\n\n\n<p>Le pr\u00e9fet en appelle \u00e0 la responsabilit\u00e9 de tous pour que les gestes barri\u00e8res continuent d\u2019\u00eatre respect\u00e9s lorsque les risques de contamination sont les plus \u00e9lev\u00e9s.<\/p>\n","protected":false},"excerpt":{"rendered":"<p>NOUVEAU PROTOCOLE CONCERNANT LE PORT DU MASQUE Pour accompagner cette nouvelle \u00e9tape de sortie de l\u2019\u00e9tat d\u2019urgence sanitaire, le pr\u00e9fet<\/p>\n","protected":false},"author":1,"featured_media":105,"comment_status":"open","ping_status":"open","sticky":false,"template":"","format":"standard","meta":{"colormag_page_container_layout":"default_layout","colormag_page_sidebar_layout":"default_layout","footnotes":""},"categories":[4],"tags":[],"class_list":["post-1946","post","type-post","status-publish","format-standard","has-post-thumbnail","hentry","category-infos-mairie"],"_links":{"self":[{"href":"https:\/\/jarnac-champagne.fr\/index.php\/wp-json\/wp\/v2\/posts\/1946","targetHints":{"allow":["GET"]}}],"collection":[{"href":"https:\/\/jarnac-champagne.fr\/index.php\/wp-json\/wp\/v2\/posts"}],"about":[{"href":"https:\/\/jarnac-champagne.fr\/index.php\/wp-json\/wp\/v2\/types\/post"}],"author":[{"embeddable":true,"href":"https:\/\/jarnac-champagne.fr\/index.php\/wp-json\/wp\/v2\/users\/1"}],"replies":[{"embeddable":true,"href":"https:\/\/jarnac-champagne.fr\/index.php\/wp-json\/wp\/v2\/comments?post=1946"}],"version-history":[{"count":1,"href":"https:\/\/jarnac-champagne.fr\/index.php\/wp-json\/wp\/v2\/posts\/1946\/revisions"}],"predecessor-version":[{"id":1947,"href":"https:\/\/jarnac-champagne.fr\/index.php\/wp-json\/wp\/v2\/posts\/1946\/revisions\/1947"}],"wp:featuredmedia":[{"embeddable":true,"href":"https:\/\/jarnac-champagne.fr\/index.php\/wp-json\/wp\/v2\/media\/105"}],"wp:attachment":[{"href":"https:\/\/jarnac-champagne.fr\/index.php\/wp-json\/wp\/v2\/media?parent=1946"}],"wp:term":[{"taxonomy":"category","embeddable":true,"href":"https:\/\/jarnac-champagne.fr\/index.php\/wp-json\/wp\/v2\/categories?post=1946"},{"taxonomy":"post_tag","embeddable":true,"href":"https:\/\/jarnac-champagne.fr\/index.php\/wp-json\/wp\/v2\/tags?post=1946"}],"curies":[{"name":"wp","href":"https:\/\/api.w.org\/{rel}","templated":true}]}}