{"id":1948,"date":"2021-07-05T16:36:54","date_gmt":"2021-07-05T14:36:54","guid":{"rendered":"https:\/\/jarnac-champagne.fr\/\/\/?p=1948"},"modified":"2021-07-05T16:36:55","modified_gmt":"2021-07-05T14:36:55","slug":"le-saviez-vous","status":"publish","type":"post","link":"https:\/\/jarnac-champagne.fr\/index.php\/2021\/07\/05\/le-saviez-vous\/","title":{"rendered":"Le saviez-vous ?"},"content":{"rendered":"\n<p>La biblioth\u00e8que \u00ab\u00a0Les Amis du Livre\u00a0\u00bb, c&rsquo;est en chiffres :<\/p>\n\n\n\n<p><strong><span class=\"has-inline-color has-vivid-red-color\">233 <\/span><\/strong>lecteurs actifs<\/p>\n\n\n\n<p>Un fonds propre de<strong> <span class=\"has-inline-color has-vivid-cyan-blue-color\">6856<\/span><\/strong> livres et <strong><span class=\"has-inline-color has-vivid-cyan-blue-color\">1765<\/span><\/strong> pr\u00eats de la Biblioth\u00e8que D\u00e9partementale de Pr\u00eat dont le roulement rapide permet une livraison tous les<br>quinze jours. <\/p>\n\n\n\n<p>Les lecteurs peuvent donc communiquer leurs souhaits de lecture par mail ou directement \u00e0 \u00e0 la biblioth\u00e8que.<br>la biblioth\u00e8que.<\/p>\n\n\n\n<p>Pour une cotisation annuelle, tr\u00e8s raisonnable, de<strong><span class=\"has-inline-color has-luminous-vivid-amber-color\"> 6\u20ac <\/span><\/strong>par famille, n&rsquo;h\u00e9sitez pas \u00e0 en profiter et venez rencontrer l&rsquo;\u00e9quipe de b\u00e9n\u00e9voles qui saura vous accueillir tout au long de l&rsquo;ann\u00e9e.<\/p>\n\n\n\n<p><strong>Rappel des horaires :<\/strong><\/p>\n\n\n\n<p><strong><span class=\"has-inline-color has-luminous-vivid-orange-color\">Toute l&rsquo;ann\u00e9e : Mercredi de 9h \u00e0 12h et 16h18h<br>En p\u00e9riode scolaire : Mercredi 9h \u00e0 12h \u2013 16h \u00e0 18h ; Vendredi : 15h \u00e0 17h ; Samedi : 10h \u00e0 12h.<\/span><\/strong><\/p>\n","protected":false},"excerpt":{"rendered":"<p>La biblioth\u00e8que \u00ab\u00a0Les Amis du Livre\u00a0\u00bb, c&rsquo;est en chiffres : 233 lecteurs actifs Un fonds propre de 6856 livres et<\/p>\n","protected":false},"author":1,"featured_media":104,"comment_status":"open","ping_status":"open","sticky":false,"template":"","format":"standard","meta":{"colormag_page_container_layout":"default_layout","colormag_page_sidebar_layout":"default_layout","footnotes":""},"categories":[3],"tags":[],"class_list":["post-1948","post","type-post","status-publish","format-standard","has-post-thumbnail","hentry","category-bibliotheque"],"_links":{"self":[{"href":"https:\/\/jarnac-champagne.fr\/index.php\/wp-json\/wp\/v2\/posts\/1948","targetHints":{"allow":["GET"]}}],"collection":[{"href":"https:\/\/jarnac-champagne.fr\/index.php\/wp-json\/wp\/v2\/posts"}],"about":[{"href":"https:\/\/jarnac-champagne.fr\/index.php\/wp-json\/wp\/v2\/types\/post"}],"author":[{"embeddable":true,"href":"https:\/\/jarnac-champagne.fr\/index.php\/wp-json\/wp\/v2\/users\/1"}],"replies":[{"embeddable":true,"href":"https:\/\/jarnac-champagne.fr\/index.php\/wp-json\/wp\/v2\/comments?post=1948"}],"version-history":[{"count":1,"href":"https:\/\/jarnac-champagne.fr\/index.php\/wp-json\/wp\/v2\/posts\/1948\/revisions"}],"predecessor-version":[{"id":1949,"href":"https:\/\/jarnac-champagne.fr\/index.php\/wp-json\/wp\/v2\/posts\/1948\/revisions\/1949"}],"wp:featuredmedia":[{"embeddable":true,"href":"https:\/\/jarnac-champagne.fr\/index.php\/wp-json\/wp\/v2\/media\/104"}],"wp:attachment":[{"href":"https:\/\/jarnac-champagne.fr\/index.php\/wp-json\/wp\/v2\/media?parent=1948"}],"wp:term":[{"taxonomy":"category","embeddable":true,"href":"https:\/\/jarnac-champagne.fr\/index.php\/wp-json\/wp\/v2\/categories?post=1948"},{"taxonomy":"post_tag","embeddable":true,"href":"https:\/\/jarnac-champagne.fr\/index.php\/wp-json\/wp\/v2\/tags?post=1948"}],"curies":[{"name":"wp","href":"https:\/\/api.w.org\/{rel}","templated":true}]}}