{"id":1975,"date":"2021-07-13T19:52:03","date_gmt":"2021-07-13T17:52:03","guid":{"rendered":"https:\/\/jarnac-champagne.fr\/\/\/?p=1975"},"modified":"2021-07-13T19:52:04","modified_gmt":"2021-07-13T17:52:04","slug":"changement-de-lieu-spectacle-14-07-21","status":"publish","type":"post","link":"https:\/\/jarnac-champagne.fr\/index.php\/2021\/07\/13\/changement-de-lieu-spectacle-14-07-21\/","title":{"rendered":"Changement de lieu spectacle 14\/07\/21"},"content":{"rendered":"\n<p>En raison de la m\u00e9t\u00e9o, tr\u00e8s incertaine, le<strong><span class=\"has-inline-color has-vivid-purple-color\"> spectacle (flamenco + groupe \u00ab\u00a0Les Fous Frogs\u00a0\u00bb)<\/span><\/strong> pr\u00e9vu en plein air dans le parc Barabeau, dans le cadre du Festival \u00ab <strong>La Rose des Vents<\/strong> \u00bb le <strong><span class=\"has-inline-color has-luminous-vivid-orange-color\">mercredi 14 juillet \u00e0 21h<\/span><\/strong> se d\u00e9roulera <span class=\"has-inline-color has-vivid-cyan-blue-color\"><strong>dans la salle polyvalente<\/strong>.<\/span><\/p>\n\n\n\n<p>Ce n&rsquo;est pas une grande surprise et c&rsquo;est une sage d\u00e9cision pour le confort de tous.<\/p>\n\n\n\n<div class=\"wp-block-image\"><figure class=\"aligncenter size-large\"><img loading=\"lazy\" decoding=\"async\" width=\"723\" height=\"1024\" src=\"https:\/\/jarnac-champagne.fr\/\/\/wp-content\/uploads\/2021\/06\/Rose_Des_Vents-723x1024.jpg\" alt=\"\" class=\"wp-image-1921\" srcset=\"https:\/\/jarnac-champagne.fr\/wp-content\/uploads\/2021\/06\/Rose_Des_Vents-723x1024.jpg 723w, https:\/\/jarnac-champagne.fr\/wp-content\/uploads\/2021\/06\/Rose_Des_Vents-212x300.jpg 212w, https:\/\/jarnac-champagne.fr\/wp-content\/uploads\/2021\/06\/Rose_Des_Vents-768x1087.jpg 768w, https:\/\/jarnac-champagne.fr\/wp-content\/uploads\/2021\/06\/Rose_Des_Vents-1085x1536.jpg 1085w, https:\/\/jarnac-champagne.fr\/wp-content\/uploads\/2021\/06\/Rose_Des_Vents.jpg 1130w\" sizes=\"auto, (max-width: 723px) 100vw, 723px\" \/><\/figure><\/div>\n\n\n\n<p><\/p>\n","protected":false},"excerpt":{"rendered":"<p>En raison de la m\u00e9t\u00e9o, tr\u00e8s incertaine, le spectacle (flamenco + groupe \u00ab\u00a0Les Fous Frogs\u00a0\u00bb) pr\u00e9vu en plein air dans<\/p>\n","protected":false},"author":1,"featured_media":105,"comment_status":"open","ping_status":"open","sticky":false,"template":"","format":"standard","meta":{"colormag_page_container_layout":"default_layout","colormag_page_sidebar_layout":"default_layout","footnotes":""},"categories":[4],"tags":[],"class_list":["post-1975","post","type-post","status-publish","format-standard","has-post-thumbnail","hentry","category-infos-mairie"],"_links":{"self":[{"href":"https:\/\/jarnac-champagne.fr\/index.php\/wp-json\/wp\/v2\/posts\/1975","targetHints":{"allow":["GET"]}}],"collection":[{"href":"https:\/\/jarnac-champagne.fr\/index.php\/wp-json\/wp\/v2\/posts"}],"about":[{"href":"https:\/\/jarnac-champagne.fr\/index.php\/wp-json\/wp\/v2\/types\/post"}],"author":[{"embeddable":true,"href":"https:\/\/jarnac-champagne.fr\/index.php\/wp-json\/wp\/v2\/users\/1"}],"replies":[{"embeddable":true,"href":"https:\/\/jarnac-champagne.fr\/index.php\/wp-json\/wp\/v2\/comments?post=1975"}],"version-history":[{"count":1,"href":"https:\/\/jarnac-champagne.fr\/index.php\/wp-json\/wp\/v2\/posts\/1975\/revisions"}],"predecessor-version":[{"id":1976,"href":"https:\/\/jarnac-champagne.fr\/index.php\/wp-json\/wp\/v2\/posts\/1975\/revisions\/1976"}],"wp:featuredmedia":[{"embeddable":true,"href":"https:\/\/jarnac-champagne.fr\/index.php\/wp-json\/wp\/v2\/media\/105"}],"wp:attachment":[{"href":"https:\/\/jarnac-champagne.fr\/index.php\/wp-json\/wp\/v2\/media?parent=1975"}],"wp:term":[{"taxonomy":"category","embeddable":true,"href":"https:\/\/jarnac-champagne.fr\/index.php\/wp-json\/wp\/v2\/categories?post=1975"},{"taxonomy":"post_tag","embeddable":true,"href":"https:\/\/jarnac-champagne.fr\/index.php\/wp-json\/wp\/v2\/tags?post=1975"}],"curies":[{"name":"wp","href":"https:\/\/api.w.org\/{rel}","templated":true}]}}