{"id":1989,"date":"2021-07-15T20:14:17","date_gmt":"2021-07-15T18:14:17","guid":{"rendered":"https:\/\/jarnac-champagne.fr\/\/\/?p=1989"},"modified":"2021-07-15T20:14:17","modified_gmt":"2021-07-15T18:14:17","slug":"festival-la-rose-des-vents","status":"publish","type":"post","link":"https:\/\/jarnac-champagne.fr\/index.php\/2021\/07\/15\/festival-la-rose-des-vents\/","title":{"rendered":"Festival \u00ab\u00a0La Rose des Vents\u00a0\u00bb"},"content":{"rendered":"\n<p>Retour en images sur cette soir\u00e9e de cl\u00f4ture du festival \u00ab\u00a0La Rose des Vents\u00a0\u00bb ce mercredi 14 juillet. La salle polyvalente et surtout sa sc\u00e8ne a vibr\u00e9 au son du flamenco.<\/p>\n\n\n\n<p>En premi\u00e8re partie, les<strong><span class=\"has-inline-color has-vivid-green-cyan-color\"> Fous Frogs<\/span><\/strong> ont anim\u00e9 ce d\u00e9but de soir\u00e9e. <a href=\"http:\/\/www.lesfousfrogs.com\/\">http:\/\/www.lesfousfrogs.com\/<\/a><\/p>\n\n\n\n<p>De belles photos de @Jacky Berthelot sur Facebook <a href=\"https:\/\/www.facebook.com\/jacky.berthelot.3\">https:\/\/www.facebook.com\/jacky.berthelot.3<\/a><\/p>\n\n\n\n<p>Merci aux spectateurs qui se sont d\u00e9plac\u00e9s, \u00e0<strong><span class=\"has-inline-color has-vivid-purple-color\"> Arts &amp; Spectacles<\/span><\/strong>, son<strong><span class=\"has-inline-color has-vivid-cyan-blue-color\"> Pr\u00e9sident Claude R\u00e9volte <\/span><\/strong>et les <strong><span class=\"has-inline-color has-vivid-green-cyan-color\">nombreux b\u00e9n\u00e9voles<\/span><\/strong> qui font un travail extraordinaire avant, pendant et apr\u00e8s&#8230;<\/p>\n\n\n\n<figure class=\"wp-block-gallery columns-3 is-cropped wp-block-gallery-1 is-layout-flex wp-block-gallery-is-layout-flex\"><ul class=\"blocks-gallery-grid\"><li class=\"blocks-gallery-item\"><figure><img loading=\"lazy\" decoding=\"async\" width=\"1024\" height=\"768\" src=\"https:\/\/jarnac-champagne.fr\/\/\/wp-content\/uploads\/2021\/07\/Festival_Rose_Des_Vents-2-1024x768.jpg\" alt=\"\" data-id=\"1990\" data-full-url=\"https:\/\/jarnac-champagne.fr\/\/\/wp-content\/uploads\/2021\/07\/Festival_Rose_Des_Vents-2-scaled.jpg\" data-link=\"https:\/\/jarnac-champagne.fr\/\/\/?attachment_id=1990\" class=\"wp-image-1990\" srcset=\"https:\/\/jarnac-champagne.fr\/wp-content\/uploads\/2021\/07\/Festival_Rose_Des_Vents-2-1024x768.jpg 1024w, https:\/\/jarnac-champagne.fr\/wp-content\/uploads\/2021\/07\/Festival_Rose_Des_Vents-2-300x225.jpg 300w, https:\/\/jarnac-champagne.fr\/wp-content\/uploads\/2021\/07\/Festival_Rose_Des_Vents-2-768x576.jpg 768w, https:\/\/jarnac-champagne.fr\/wp-content\/uploads\/2021\/07\/Festival_Rose_Des_Vents-2-1536x1152.jpg 1536w, https:\/\/jarnac-champagne.fr\/wp-content\/uploads\/2021\/07\/Festival_Rose_Des_Vents-2-2048x1536.jpg 2048w\" sizes=\"auto, (max-width: 1024px) 100vw, 1024px\" \/><\/figure><\/li><li class=\"blocks-gallery-item\"><figure><img loading=\"lazy\" decoding=\"async\" width=\"1024\" height=\"768\" src=\"https:\/\/jarnac-champagne.fr\/\/\/wp-content\/uploads\/2021\/07\/Festival_Rose_Des_Vents-28-1024x768.jpg\" alt=\"\" data-id=\"2001\" data-full-url=\"https:\/\/jarnac-champagne.fr\/\/\/wp-content\/uploads\/2021\/07\/Festival_Rose_Des_Vents-28-scaled.jpg\" data-link=\"https:\/\/jarnac-champagne.fr\/\/\/festival_rose_des_vents-28\/\" class=\"wp-image-2001\" srcset=\"https:\/\/jarnac-champagne.fr\/wp-content\/uploads\/2021\/07\/Festival_Rose_Des_Vents-28-1024x768.jpg 1024w, https:\/\/jarnac-champagne.fr\/wp-content\/uploads\/2021\/07\/Festival_Rose_Des_Vents-28-300x225.jpg 300w, https:\/\/jarnac-champagne.fr\/wp-content\/uploads\/2021\/07\/Festival_Rose_Des_Vents-28-768x576.jpg 768w, https:\/\/jarnac-champagne.fr\/wp-content\/uploads\/2021\/07\/Festival_Rose_Des_Vents-28-1536x1152.jpg 1536w, https:\/\/jarnac-champagne.fr\/wp-content\/uploads\/2021\/07\/Festival_Rose_Des_Vents-28-2048x1536.jpg 2048w\" sizes=\"auto, (max-width: 1024px) 100vw, 1024px\" \/><\/figure><\/li><li class=\"blocks-gallery-item\"><figure><img loading=\"lazy\" decoding=\"async\" width=\"1024\" height=\"768\" src=\"https:\/\/jarnac-champagne.fr\/\/\/wp-content\/uploads\/2021\/07\/Festival_Rose_Des_Vents-2-2-1024x768.jpg\" alt=\"\" data-id=\"1996\" data-full-url=\"https:\/\/jarnac-champagne.fr\/\/\/wp-content\/uploads\/2021\/07\/Festival_Rose_Des_Vents-2-2-scaled.jpg\" data-link=\"https:\/\/jarnac-champagne.fr\/\/\/festival_rose_des_vents-2-2\/\" class=\"wp-image-1996\" srcset=\"https:\/\/jarnac-champagne.fr\/wp-content\/uploads\/2021\/07\/Festival_Rose_Des_Vents-2-2-1024x768.jpg 1024w, https:\/\/jarnac-champagne.fr\/wp-content\/uploads\/2021\/07\/Festival_Rose_Des_Vents-2-2-300x225.jpg 300w, https:\/\/jarnac-champagne.fr\/wp-content\/uploads\/2021\/07\/Festival_Rose_Des_Vents-2-2-768x576.jpg 768w, https:\/\/jarnac-champagne.fr\/wp-content\/uploads\/2021\/07\/Festival_Rose_Des_Vents-2-2-1536x1152.jpg 1536w, https:\/\/jarnac-champagne.fr\/wp-content\/uploads\/2021\/07\/Festival_Rose_Des_Vents-2-2-2048x1536.jpg 2048w\" sizes=\"auto, (max-width: 1024px) 100vw, 1024px\" \/><\/figure><\/li><li class=\"blocks-gallery-item\"><figure><img loading=\"lazy\" decoding=\"async\" width=\"1024\" height=\"768\" src=\"https:\/\/jarnac-champagne.fr\/\/\/wp-content\/uploads\/2021\/07\/Festival_Rose_Des_Vents-3-1024x768.jpg\" alt=\"\" data-id=\"1991\" data-full-url=\"https:\/\/jarnac-champagne.fr\/\/\/wp-content\/uploads\/2021\/07\/Festival_Rose_Des_Vents-3-scaled.jpg\" data-link=\"https:\/\/jarnac-champagne.fr\/\/\/?attachment_id=1991\" class=\"wp-image-1991\" srcset=\"https:\/\/jarnac-champagne.fr\/wp-content\/uploads\/2021\/07\/Festival_Rose_Des_Vents-3-1024x768.jpg 1024w, https:\/\/jarnac-champagne.fr\/wp-content\/uploads\/2021\/07\/Festival_Rose_Des_Vents-3-300x225.jpg 300w, https:\/\/jarnac-champagne.fr\/wp-content\/uploads\/2021\/07\/Festival_Rose_Des_Vents-3-768x576.jpg 768w, https:\/\/jarnac-champagne.fr\/wp-content\/uploads\/2021\/07\/Festival_Rose_Des_Vents-3-1536x1152.jpg 1536w, https:\/\/jarnac-champagne.fr\/wp-content\/uploads\/2021\/07\/Festival_Rose_Des_Vents-3-2048x1536.jpg 2048w\" sizes=\"auto, (max-width: 1024px) 100vw, 1024px\" \/><\/figure><\/li><li class=\"blocks-gallery-item\"><figure><img loading=\"lazy\" decoding=\"async\" width=\"1024\" height=\"768\" src=\"https:\/\/jarnac-champagne.fr\/\/\/wp-content\/uploads\/2021\/07\/Festival_Rose_Des_Vents-7-1024x768.jpg\" alt=\"\" data-id=\"1997\" data-full-url=\"https:\/\/jarnac-champagne.fr\/\/\/wp-content\/uploads\/2021\/07\/Festival_Rose_Des_Vents-7-scaled.jpg\" data-link=\"https:\/\/jarnac-champagne.fr\/\/\/festival_rose_des_vents-7\/\" class=\"wp-image-1997\" srcset=\"https:\/\/jarnac-champagne.fr\/wp-content\/uploads\/2021\/07\/Festival_Rose_Des_Vents-7-1024x768.jpg 1024w, https:\/\/jarnac-champagne.fr\/wp-content\/uploads\/2021\/07\/Festival_Rose_Des_Vents-7-300x225.jpg 300w, https:\/\/jarnac-champagne.fr\/wp-content\/uploads\/2021\/07\/Festival_Rose_Des_Vents-7-768x576.jpg 768w, https:\/\/jarnac-champagne.fr\/wp-content\/uploads\/2021\/07\/Festival_Rose_Des_Vents-7-1536x1152.jpg 1536w, https:\/\/jarnac-champagne.fr\/wp-content\/uploads\/2021\/07\/Festival_Rose_Des_Vents-7-2048x1536.jpg 2048w\" sizes=\"auto, (max-width: 1024px) 100vw, 1024px\" \/><\/figure><\/li><li class=\"blocks-gallery-item\"><figure><img loading=\"lazy\" decoding=\"async\" width=\"1024\" height=\"768\" src=\"https:\/\/jarnac-champagne.fr\/\/\/wp-content\/uploads\/2021\/07\/Festival_Rose_Des_Vents-8-1024x768.jpg\" alt=\"\" data-id=\"1998\" data-full-url=\"https:\/\/jarnac-champagne.fr\/\/\/wp-content\/uploads\/2021\/07\/Festival_Rose_Des_Vents-8-scaled.jpg\" data-link=\"https:\/\/jarnac-champagne.fr\/\/\/festival_rose_des_vents-8\/\" class=\"wp-image-1998\" srcset=\"https:\/\/jarnac-champagne.fr\/wp-content\/uploads\/2021\/07\/Festival_Rose_Des_Vents-8-1024x768.jpg 1024w, https:\/\/jarnac-champagne.fr\/wp-content\/uploads\/2021\/07\/Festival_Rose_Des_Vents-8-300x225.jpg 300w, https:\/\/jarnac-champagne.fr\/wp-content\/uploads\/2021\/07\/Festival_Rose_Des_Vents-8-768x576.jpg 768w, https:\/\/jarnac-champagne.fr\/wp-content\/uploads\/2021\/07\/Festival_Rose_Des_Vents-8-1536x1152.jpg 1536w, https:\/\/jarnac-champagne.fr\/wp-content\/uploads\/2021\/07\/Festival_Rose_Des_Vents-8-2048x1536.jpg 2048w\" sizes=\"auto, (max-width: 1024px) 100vw, 1024px\" \/><\/figure><\/li><li class=\"blocks-gallery-item\"><figure><img loading=\"lazy\" decoding=\"async\" width=\"1024\" height=\"768\" src=\"https:\/\/jarnac-champagne.fr\/\/\/wp-content\/uploads\/2021\/07\/Festival_Rose_Des_Vents-12-1024x768.jpg\" alt=\"\" data-id=\"1999\" data-full-url=\"https:\/\/jarnac-champagne.fr\/\/\/wp-content\/uploads\/2021\/07\/Festival_Rose_Des_Vents-12-scaled.jpg\" data-link=\"https:\/\/jarnac-champagne.fr\/\/\/festival_rose_des_vents-12\/\" class=\"wp-image-1999\" srcset=\"https:\/\/jarnac-champagne.fr\/wp-content\/uploads\/2021\/07\/Festival_Rose_Des_Vents-12-1024x768.jpg 1024w, https:\/\/jarnac-champagne.fr\/wp-content\/uploads\/2021\/07\/Festival_Rose_Des_Vents-12-300x225.jpg 300w, https:\/\/jarnac-champagne.fr\/wp-content\/uploads\/2021\/07\/Festival_Rose_Des_Vents-12-768x576.jpg 768w, https:\/\/jarnac-champagne.fr\/wp-content\/uploads\/2021\/07\/Festival_Rose_Des_Vents-12-1536x1152.jpg 1536w, https:\/\/jarnac-champagne.fr\/wp-content\/uploads\/2021\/07\/Festival_Rose_Des_Vents-12-2048x1536.jpg 2048w\" sizes=\"auto, (max-width: 1024px) 100vw, 1024px\" \/><\/figure><\/li><li class=\"blocks-gallery-item\"><figure><img loading=\"lazy\" decoding=\"async\" width=\"1024\" height=\"768\" src=\"https:\/\/jarnac-champagne.fr\/\/\/wp-content\/uploads\/2021\/07\/Festival_Rose_Des_Vents-30-1024x768.jpg\" alt=\"\" data-id=\"2005\" data-full-url=\"https:\/\/jarnac-champagne.fr\/\/\/wp-content\/uploads\/2021\/07\/Festival_Rose_Des_Vents-30-scaled.jpg\" data-link=\"https:\/\/jarnac-champagne.fr\/\/\/festival_rose_des_vents-30\/\" class=\"wp-image-2005\" srcset=\"https:\/\/jarnac-champagne.fr\/wp-content\/uploads\/2021\/07\/Festival_Rose_Des_Vents-30-1024x768.jpg 1024w, https:\/\/jarnac-champagne.fr\/wp-content\/uploads\/2021\/07\/Festival_Rose_Des_Vents-30-300x225.jpg 300w, https:\/\/jarnac-champagne.fr\/wp-content\/uploads\/2021\/07\/Festival_Rose_Des_Vents-30-768x576.jpg 768w, https:\/\/jarnac-champagne.fr\/wp-content\/uploads\/2021\/07\/Festival_Rose_Des_Vents-30-1536x1152.jpg 1536w, https:\/\/jarnac-champagne.fr\/wp-content\/uploads\/2021\/07\/Festival_Rose_Des_Vents-30-2048x1536.jpg 2048w\" sizes=\"auto, (max-width: 1024px) 100vw, 1024px\" \/><\/figure><\/li><li class=\"blocks-gallery-item\"><figure><img loading=\"lazy\" decoding=\"async\" width=\"1024\" height=\"768\" src=\"https:\/\/jarnac-champagne.fr\/\/\/wp-content\/uploads\/2021\/07\/Festival_Rose_Des_Vents-34-1024x768.jpg\" alt=\"\" data-id=\"2004\" data-full-url=\"https:\/\/jarnac-champagne.fr\/\/\/wp-content\/uploads\/2021\/07\/Festival_Rose_Des_Vents-34-scaled.jpg\" data-link=\"https:\/\/jarnac-champagne.fr\/\/\/festival_rose_des_vents-34\/\" class=\"wp-image-2004\" srcset=\"https:\/\/jarnac-champagne.fr\/wp-content\/uploads\/2021\/07\/Festival_Rose_Des_Vents-34-1024x768.jpg 1024w, https:\/\/jarnac-champagne.fr\/wp-content\/uploads\/2021\/07\/Festival_Rose_Des_Vents-34-300x225.jpg 300w, https:\/\/jarnac-champagne.fr\/wp-content\/uploads\/2021\/07\/Festival_Rose_Des_Vents-34-768x576.jpg 768w, https:\/\/jarnac-champagne.fr\/wp-content\/uploads\/2021\/07\/Festival_Rose_Des_Vents-34-1536x1152.jpg 1536w, https:\/\/jarnac-champagne.fr\/wp-content\/uploads\/2021\/07\/Festival_Rose_Des_Vents-34-2048x1536.jpg 2048w\" sizes=\"auto, (max-width: 1024px) 100vw, 1024px\" \/><\/figure><\/li><li class=\"blocks-gallery-item\"><figure><img loading=\"lazy\" decoding=\"async\" width=\"1024\" height=\"768\" src=\"https:\/\/jarnac-champagne.fr\/\/\/wp-content\/uploads\/2021\/07\/Festival_Rose_Des_Vents-33-1024x768.jpg\" alt=\"\" data-id=\"2003\" data-full-url=\"https:\/\/jarnac-champagne.fr\/\/\/wp-content\/uploads\/2021\/07\/Festival_Rose_Des_Vents-33-scaled.jpg\" data-link=\"https:\/\/jarnac-champagne.fr\/\/\/festival_rose_des_vents-33\/\" class=\"wp-image-2003\" srcset=\"https:\/\/jarnac-champagne.fr\/wp-content\/uploads\/2021\/07\/Festival_Rose_Des_Vents-33-1024x768.jpg 1024w, https:\/\/jarnac-champagne.fr\/wp-content\/uploads\/2021\/07\/Festival_Rose_Des_Vents-33-300x225.jpg 300w, https:\/\/jarnac-champagne.fr\/wp-content\/uploads\/2021\/07\/Festival_Rose_Des_Vents-33-768x576.jpg 768w, https:\/\/jarnac-champagne.fr\/wp-content\/uploads\/2021\/07\/Festival_Rose_Des_Vents-33-1536x1152.jpg 1536w, https:\/\/jarnac-champagne.fr\/wp-content\/uploads\/2021\/07\/Festival_Rose_Des_Vents-33-2048x1536.jpg 2048w\" sizes=\"auto, (max-width: 1024px) 100vw, 1024px\" \/><\/figure><\/li><li class=\"blocks-gallery-item\"><figure><img loading=\"lazy\" decoding=\"async\" width=\"1024\" height=\"768\" src=\"https:\/\/jarnac-champagne.fr\/\/\/wp-content\/uploads\/2021\/07\/Festival_Rose_Des_Vents-17-1024x768.jpg\" alt=\"\" data-id=\"2002\" data-full-url=\"https:\/\/jarnac-champagne.fr\/\/\/wp-content\/uploads\/2021\/07\/Festival_Rose_Des_Vents-17-scaled.jpg\" data-link=\"https:\/\/jarnac-champagne.fr\/\/\/festival_rose_des_vents-17\/\" class=\"wp-image-2002\" srcset=\"https:\/\/jarnac-champagne.fr\/wp-content\/uploads\/2021\/07\/Festival_Rose_Des_Vents-17-1024x768.jpg 1024w, https:\/\/jarnac-champagne.fr\/wp-content\/uploads\/2021\/07\/Festival_Rose_Des_Vents-17-300x225.jpg 300w, https:\/\/jarnac-champagne.fr\/wp-content\/uploads\/2021\/07\/Festival_Rose_Des_Vents-17-768x576.jpg 768w, https:\/\/jarnac-champagne.fr\/wp-content\/uploads\/2021\/07\/Festival_Rose_Des_Vents-17-1536x1152.jpg 1536w, https:\/\/jarnac-champagne.fr\/wp-content\/uploads\/2021\/07\/Festival_Rose_Des_Vents-17-2048x1536.jpg 2048w\" sizes=\"auto, (max-width: 1024px) 100vw, 1024px\" \/><\/figure><\/li><li class=\"blocks-gallery-item\"><figure><img loading=\"lazy\" decoding=\"async\" width=\"1024\" height=\"768\" src=\"https:\/\/jarnac-champagne.fr\/\/\/wp-content\/uploads\/2021\/07\/Festival_Rose_Des_Vents-20-1024x768.jpg\" alt=\"\" data-id=\"2000\" data-full-url=\"https:\/\/jarnac-champagne.fr\/\/\/wp-content\/uploads\/2021\/07\/Festival_Rose_Des_Vents-20-scaled.jpg\" data-link=\"https:\/\/jarnac-champagne.fr\/\/\/festival_rose_des_vents-20\/\" class=\"wp-image-2000\" srcset=\"https:\/\/jarnac-champagne.fr\/wp-content\/uploads\/2021\/07\/Festival_Rose_Des_Vents-20-1024x768.jpg 1024w, https:\/\/jarnac-champagne.fr\/wp-content\/uploads\/2021\/07\/Festival_Rose_Des_Vents-20-300x225.jpg 300w, https:\/\/jarnac-champagne.fr\/wp-content\/uploads\/2021\/07\/Festival_Rose_Des_Vents-20-768x576.jpg 768w, https:\/\/jarnac-champagne.fr\/wp-content\/uploads\/2021\/07\/Festival_Rose_Des_Vents-20-1536x1152.jpg 1536w, https:\/\/jarnac-champagne.fr\/wp-content\/uploads\/2021\/07\/Festival_Rose_Des_Vents-20-2048x1536.jpg 2048w\" sizes=\"auto, (max-width: 1024px) 100vw, 1024px\" \/><\/figure><\/li><\/ul><\/figure>\n","protected":false},"excerpt":{"rendered":"<p>Retour en images sur cette soir\u00e9e de cl\u00f4ture du festival \u00ab\u00a0La Rose des Vents\u00a0\u00bb ce mercredi 14 juillet. La salle<\/p>\n","protected":false},"author":1,"featured_media":105,"comment_status":"open","ping_status":"open","sticky":false,"template":"","format":"standard","meta":{"colormag_page_container_layout":"default_layout","colormag_page_sidebar_layout":"default_layout","footnotes":""},"categories":[4],"tags":[],"class_list":["post-1989","post","type-post","status-publish","format-standard","has-post-thumbnail","hentry","category-infos-mairie"],"_links":{"self":[{"href":"https:\/\/jarnac-champagne.fr\/index.php\/wp-json\/wp\/v2\/posts\/1989","targetHints":{"allow":["GET"]}}],"collection":[{"href":"https:\/\/jarnac-champagne.fr\/index.php\/wp-json\/wp\/v2\/posts"}],"about":[{"href":"https:\/\/jarnac-champagne.fr\/index.php\/wp-json\/wp\/v2\/types\/post"}],"author":[{"embeddable":true,"href":"https:\/\/jarnac-champagne.fr\/index.php\/wp-json\/wp\/v2\/users\/1"}],"replies":[{"embeddable":true,"href":"https:\/\/jarnac-champagne.fr\/index.php\/wp-json\/wp\/v2\/comments?post=1989"}],"version-history":[{"count":2,"href":"https:\/\/jarnac-champagne.fr\/index.php\/wp-json\/wp\/v2\/posts\/1989\/revisions"}],"predecessor-version":[{"id":2006,"href":"https:\/\/jarnac-champagne.fr\/index.php\/wp-json\/wp\/v2\/posts\/1989\/revisions\/2006"}],"wp:featuredmedia":[{"embeddable":true,"href":"https:\/\/jarnac-champagne.fr\/index.php\/wp-json\/wp\/v2\/media\/105"}],"wp:attachment":[{"href":"https:\/\/jarnac-champagne.fr\/index.php\/wp-json\/wp\/v2\/media?parent=1989"}],"wp:term":[{"taxonomy":"category","embeddable":true,"href":"https:\/\/jarnac-champagne.fr\/index.php\/wp-json\/wp\/v2\/categories?post=1989"},{"taxonomy":"post_tag","embeddable":true,"href":"https:\/\/jarnac-champagne.fr\/index.php\/wp-json\/wp\/v2\/tags?post=1989"}],"curies":[{"name":"wp","href":"https:\/\/api.w.org\/{rel}","templated":true}]}}