{"id":2055,"date":"2021-07-22T18:23:38","date_gmt":"2021-07-22T16:23:38","guid":{"rendered":"https:\/\/jarnac-champagne.fr\/\/\/?p=2055"},"modified":"2021-07-22T18:23:39","modified_gmt":"2021-07-22T16:23:39","slug":"dernieres-informations-course-cycliste","status":"publish","type":"post","link":"https:\/\/jarnac-champagne.fr\/index.php\/2021\/07\/22\/dernieres-informations-course-cycliste\/","title":{"rendered":"Derni\u00e8res informations course cycliste"},"content":{"rendered":"\n<p>En raison du passage de la course cycliste, sur arr\u00eat\u00e9 pr\u00e9fectoral, l<strong>&lsquo;acc\u00e8s au silo sera impossible de<\/strong> <strong>11h \u00e0 13h et de 15h30 \u00e0 18h30 SAMEDI 24 JUILLET<\/strong>.<\/p>\n\n\n\n<p>Merci pour votre compr\u00e9hension.<\/p>\n\n\n\n<p>Le port du masque et le respect d&rsquo;une distance de 1 m entre les spectateurs sont demand\u00e9s aux abords de l&rsquo;arriv\u00e9e et au niveau du podium.<\/p>\n\n\n\n<p>ATTENTION ! des voitures de directeurs sportifs sont susceptibles d&#8217;emprunter les rues des lotissements pour rejoindre leurs coureuses. Soyez prudents si vous circulez \u00e0 pied !<\/p>\n\n\n\n<p>De la station service \u00e0 la ligne d&rsquo;arriv\u00e9e (au niveau du court de tennis), la circulation \u00e0 pied est obligatoire. Vous pouvez vous garer sur les diff\u00e9rents parkings de la commune (parc Barabeau, \u00e9glise, boucherie&#8230;).<\/p>\n\n\n\n<p>Nous vous rappelons que le <strong>restaurant \u00ab\u00a0Le Coude \u00e0 Coude<\/strong>\u00a0\u00bb <strong>propose un menu du tour.<\/strong><\/p>\n\n\n\n<div class=\"wp-block-image\"><figure class=\"aligncenter size-large\"><img loading=\"lazy\" decoding=\"async\" width=\"1024\" height=\"858\" src=\"https:\/\/jarnac-champagne.fr\/\/\/wp-content\/uploads\/2021\/07\/Menu-du-Tour-1024x858.png\" alt=\"\" class=\"wp-image-2056\" srcset=\"https:\/\/jarnac-champagne.fr\/wp-content\/uploads\/2021\/07\/Menu-du-Tour-1024x858.png 1024w, https:\/\/jarnac-champagne.fr\/wp-content\/uploads\/2021\/07\/Menu-du-Tour-300x251.png 300w, https:\/\/jarnac-champagne.fr\/wp-content\/uploads\/2021\/07\/Menu-du-Tour-768x644.png 768w, https:\/\/jarnac-champagne.fr\/wp-content\/uploads\/2021\/07\/Menu-du-Tour-1536x1288.png 1536w, https:\/\/jarnac-champagne.fr\/wp-content\/uploads\/2021\/07\/Menu-du-Tour.png 1880w\" sizes=\"auto, (max-width: 1024px) 100vw, 1024px\" \/><\/figure><\/div>\n","protected":false},"excerpt":{"rendered":"<p>En raison du passage de la course cycliste, sur arr\u00eat\u00e9 pr\u00e9fectoral, l&lsquo;acc\u00e8s au silo sera impossible de 11h \u00e0 13h<\/p>\n","protected":false},"author":1,"featured_media":105,"comment_status":"open","ping_status":"open","sticky":false,"template":"","format":"standard","meta":{"colormag_page_container_layout":"default_layout","colormag_page_sidebar_layout":"default_layout","footnotes":""},"categories":[4],"tags":[],"class_list":["post-2055","post","type-post","status-publish","format-standard","has-post-thumbnail","hentry","category-infos-mairie"],"_links":{"self":[{"href":"https:\/\/jarnac-champagne.fr\/index.php\/wp-json\/wp\/v2\/posts\/2055","targetHints":{"allow":["GET"]}}],"collection":[{"href":"https:\/\/jarnac-champagne.fr\/index.php\/wp-json\/wp\/v2\/posts"}],"about":[{"href":"https:\/\/jarnac-champagne.fr\/index.php\/wp-json\/wp\/v2\/types\/post"}],"author":[{"embeddable":true,"href":"https:\/\/jarnac-champagne.fr\/index.php\/wp-json\/wp\/v2\/users\/1"}],"replies":[{"embeddable":true,"href":"https:\/\/jarnac-champagne.fr\/index.php\/wp-json\/wp\/v2\/comments?post=2055"}],"version-history":[{"count":1,"href":"https:\/\/jarnac-champagne.fr\/index.php\/wp-json\/wp\/v2\/posts\/2055\/revisions"}],"predecessor-version":[{"id":2057,"href":"https:\/\/jarnac-champagne.fr\/index.php\/wp-json\/wp\/v2\/posts\/2055\/revisions\/2057"}],"wp:featuredmedia":[{"embeddable":true,"href":"https:\/\/jarnac-champagne.fr\/index.php\/wp-json\/wp\/v2\/media\/105"}],"wp:attachment":[{"href":"https:\/\/jarnac-champagne.fr\/index.php\/wp-json\/wp\/v2\/media?parent=2055"}],"wp:term":[{"taxonomy":"category","embeddable":true,"href":"https:\/\/jarnac-champagne.fr\/index.php\/wp-json\/wp\/v2\/categories?post=2055"},{"taxonomy":"post_tag","embeddable":true,"href":"https:\/\/jarnac-champagne.fr\/index.php\/wp-json\/wp\/v2\/tags?post=2055"}],"curies":[{"name":"wp","href":"https:\/\/api.w.org\/{rel}","templated":true}]}}