{"id":2099,"date":"2021-07-26T20:51:02","date_gmt":"2021-07-26T18:51:02","guid":{"rendered":"https:\/\/jarnac-champagne.fr\/\/\/?p=2099"},"modified":"2021-07-26T20:51:03","modified_gmt":"2021-07-26T18:51:03","slug":"programme-du-tour","status":"publish","type":"post","link":"https:\/\/jarnac-champagne.fr\/index.php\/2021\/07\/26\/programme-du-tour\/","title":{"rendered":"Programme du tour"},"content":{"rendered":"\n<p>M\u00eame le programme du tour, bien qu&rsquo;\u00e9dit\u00e9, n&rsquo;a pas pu \u00eatre propos\u00e9 aux spectateurs. En voici un extrait. Un grand merci \u00e0 nos commer\u00e7ants et producteurs locaux pour leur participation. Ils ont particip\u00e9 \u00e0 leur mani\u00e8re (paniers garnis, dons&#8230;). A noter \u00e9galement la contribution de la famille Manicot de Saint-Martial sur N\u00e9.<\/p>\n\n\n\n<div class=\"wp-block-image\"><figure class=\"aligncenter size-large\"><img loading=\"lazy\" decoding=\"async\" width=\"713\" height=\"1024\" src=\"https:\/\/jarnac-champagne.fr\/\/\/wp-content\/uploads\/2021\/07\/Prog1_Tour_2021-713x1024.jpeg\" alt=\"\" class=\"wp-image-2097\" srcset=\"https:\/\/jarnac-champagne.fr\/wp-content\/uploads\/2021\/07\/Prog1_Tour_2021-713x1024.jpeg 713w, https:\/\/jarnac-champagne.fr\/wp-content\/uploads\/2021\/07\/Prog1_Tour_2021-209x300.jpeg 209w, https:\/\/jarnac-champagne.fr\/wp-content\/uploads\/2021\/07\/Prog1_Tour_2021-768x1104.jpeg 768w, https:\/\/jarnac-champagne.fr\/wp-content\/uploads\/2021\/07\/Prog1_Tour_2021-1069x1536.jpeg 1069w, https:\/\/jarnac-champagne.fr\/wp-content\/uploads\/2021\/07\/Prog1_Tour_2021-1425x2048.jpeg 1425w, https:\/\/jarnac-champagne.fr\/wp-content\/uploads\/2021\/07\/Prog1_Tour_2021-scaled.jpeg 1781w\" sizes=\"auto, (max-width: 713px) 100vw, 713px\" \/><\/figure><\/div>\n\n\n\n<div class=\"wp-block-image\"><figure class=\"aligncenter size-large\"><img loading=\"lazy\" decoding=\"async\" width=\"706\" height=\"1024\" src=\"https:\/\/jarnac-champagne.fr\/\/\/wp-content\/uploads\/2021\/07\/Prog2_Tour_2021-706x1024.jpeg\" alt=\"\" class=\"wp-image-2098\" srcset=\"https:\/\/jarnac-champagne.fr\/wp-content\/uploads\/2021\/07\/Prog2_Tour_2021-706x1024.jpeg 706w, https:\/\/jarnac-champagne.fr\/wp-content\/uploads\/2021\/07\/Prog2_Tour_2021-207x300.jpeg 207w, https:\/\/jarnac-champagne.fr\/wp-content\/uploads\/2021\/07\/Prog2_Tour_2021-768x1115.jpeg 768w, https:\/\/jarnac-champagne.fr\/wp-content\/uploads\/2021\/07\/Prog2_Tour_2021-1058x1536.jpeg 1058w, https:\/\/jarnac-champagne.fr\/wp-content\/uploads\/2021\/07\/Prog2_Tour_2021-1411x2048.jpeg 1411w, https:\/\/jarnac-champagne.fr\/wp-content\/uploads\/2021\/07\/Prog2_Tour_2021-scaled.jpeg 1764w\" sizes=\"auto, (max-width: 706px) 100vw, 706px\" \/><\/figure><\/div>\n","protected":false},"excerpt":{"rendered":"<p>M\u00eame le programme du tour, bien qu&rsquo;\u00e9dit\u00e9, n&rsquo;a pas pu \u00eatre propos\u00e9 aux spectateurs. En voici un extrait. Un grand<\/p>\n","protected":false},"author":1,"featured_media":105,"comment_status":"open","ping_status":"open","sticky":false,"template":"","format":"standard","meta":{"colormag_page_container_layout":"default_layout","colormag_page_sidebar_layout":"default_layout","footnotes":""},"categories":[4],"tags":[],"class_list":["post-2099","post","type-post","status-publish","format-standard","has-post-thumbnail","hentry","category-infos-mairie"],"_links":{"self":[{"href":"https:\/\/jarnac-champagne.fr\/index.php\/wp-json\/wp\/v2\/posts\/2099","targetHints":{"allow":["GET"]}}],"collection":[{"href":"https:\/\/jarnac-champagne.fr\/index.php\/wp-json\/wp\/v2\/posts"}],"about":[{"href":"https:\/\/jarnac-champagne.fr\/index.php\/wp-json\/wp\/v2\/types\/post"}],"author":[{"embeddable":true,"href":"https:\/\/jarnac-champagne.fr\/index.php\/wp-json\/wp\/v2\/users\/1"}],"replies":[{"embeddable":true,"href":"https:\/\/jarnac-champagne.fr\/index.php\/wp-json\/wp\/v2\/comments?post=2099"}],"version-history":[{"count":1,"href":"https:\/\/jarnac-champagne.fr\/index.php\/wp-json\/wp\/v2\/posts\/2099\/revisions"}],"predecessor-version":[{"id":2104,"href":"https:\/\/jarnac-champagne.fr\/index.php\/wp-json\/wp\/v2\/posts\/2099\/revisions\/2104"}],"wp:featuredmedia":[{"embeddable":true,"href":"https:\/\/jarnac-champagne.fr\/index.php\/wp-json\/wp\/v2\/media\/105"}],"wp:attachment":[{"href":"https:\/\/jarnac-champagne.fr\/index.php\/wp-json\/wp\/v2\/media?parent=2099"}],"wp:term":[{"taxonomy":"category","embeddable":true,"href":"https:\/\/jarnac-champagne.fr\/index.php\/wp-json\/wp\/v2\/categories?post=2099"},{"taxonomy":"post_tag","embeddable":true,"href":"https:\/\/jarnac-champagne.fr\/index.php\/wp-json\/wp\/v2\/tags?post=2099"}],"curies":[{"name":"wp","href":"https:\/\/api.w.org\/{rel}","templated":true}]}}