{"id":2131,"date":"2021-07-29T23:41:42","date_gmt":"2021-07-29T21:41:42","guid":{"rendered":"https:\/\/jarnac-champagne.fr\/\/\/?p=2131"},"modified":"2021-07-29T23:41:43","modified_gmt":"2021-07-29T21:41:43","slug":"la-galerie-photos-du-tour-de-la-charente-maritime","status":"publish","type":"post","link":"https:\/\/jarnac-champagne.fr\/index.php\/2021\/07\/29\/la-galerie-photos-du-tour-de-la-charente-maritime\/","title":{"rendered":"La galerie photos du Tour de la Charente-Maritime"},"content":{"rendered":"\n<p>A d\u00e9faut de son puisque la course s&rsquo;est d\u00e9roul\u00e9e sans animation, ni commentaire, retour en images sur cette journ\u00e9e du samedi 24 juillet. Merci \u00e0 J\u00e9r\u00f4me Schieser et au journal Haute-Saintonge (Alexandre Roux) pour ces beaux clich\u00e9s.<\/p>\n\n\n\n<p>Arianna Pruisscher (Stade Rochelais Charente-Maritime Women Cycling) a remport\u00e9 la premi\u00e8re \u00e9tape du Tour de Charente-Maritime F\u00e9minin (Nationale Dames), disput\u00e9e sur 84,9 kilom\u00e8tres entre Saintes et Jarnac Champagne. La N\u00e9erlandaise a devanc\u00e9 Kristina Nenadovic (St-Michel-Auber 93) et Lucie Liboreau (Macogep Tornatech Girondins de Bordeaux).<\/p>\n\n\n\n<p>S\u00e9verine Eraud (Stade Rochelais Charente-Maritime Women Cycling) a remport\u00e9, ce samedi apr\u00e8s-midi, la deuxi\u00e8me \u00e9tape du Tour de Charente-Maritime F\u00e9minin (Nationale Dames), un contre-la-montre individuel sur une distance de 10,5 kilom\u00e8tres. Elle a devanc\u00e9 sa co\u00e9quipi\u00e8re Ma\u00ebva Squiban et Ana\u00efs Morichon (Team Centre-Val de Loire F\u00e9minin).<\/p>\n\n\n\n<p>F\u00e9licitations \u00e0 toutes les coureuses et BRAVO \u00e0 la gagnante du tour \u00e0 l&rsquo;issue des 3 \u00e9tapes : S\u00e9verine Eraud (Stade Rochelais Women Cycling), l&rsquo;\u00e9quipe d\u00e9partementale.<\/p>\n\n\n\n<p>Parmi les photos, les v\u00e9los fleuris sont l\u2019\u0153uvre de la Famille Charro. Un grand merci \u00e0 Vanda, Antonio et leurs enfants.<\/p>\n\n\n\n<p><\/p>\n\n\n\n<figure class=\"wp-block-gallery columns-3 is-cropped wp-block-gallery-1 is-layout-flex wp-block-gallery-is-layout-flex\"><ul class=\"blocks-gallery-grid\"><li class=\"blocks-gallery-item\"><figure><img loading=\"lazy\" decoding=\"async\" width=\"1024\" height=\"796\" src=\"https:\/\/jarnac-champagne.fr\/\/\/wp-content\/uploads\/2021\/07\/Tour__Charente_Maritime_2021_J1-1024x796.jpg\" alt=\"\" data-id=\"2060\" data-full-url=\"https:\/\/jarnac-champagne.fr\/\/\/wp-content\/uploads\/2021\/07\/Tour__Charente_Maritime_2021_J1.jpg\" data-link=\"https:\/\/jarnac-champagne.fr\/\/\/tour__charente_maritime_2021_j1\/\" class=\"wp-image-2060\" srcset=\"https:\/\/jarnac-champagne.fr\/wp-content\/uploads\/2021\/07\/Tour__Charente_Maritime_2021_J1-1024x796.jpg 1024w, https:\/\/jarnac-champagne.fr\/wp-content\/uploads\/2021\/07\/Tour__Charente_Maritime_2021_J1-300x233.jpg 300w, https:\/\/jarnac-champagne.fr\/wp-content\/uploads\/2021\/07\/Tour__Charente_Maritime_2021_J1-768x597.jpg 768w, https:\/\/jarnac-champagne.fr\/wp-content\/uploads\/2021\/07\/Tour__Charente_Maritime_2021_J1.jpg 1496w\" sizes=\"auto, (max-width: 1024px) 100vw, 1024px\" \/><figcaption class=\"blocks-gallery-item__caption\">@J.Schieser<\/figcaption><\/figure><\/li><li class=\"blocks-gallery-item\"><figure><img loading=\"lazy\" decoding=\"async\" width=\"1024\" height=\"715\" src=\"https:\/\/jarnac-champagne.fr\/\/\/wp-content\/uploads\/2021\/07\/Tour__Charente_Maritime_2021_J2-1024x715.jpg\" alt=\"\" data-id=\"2061\" data-full-url=\"https:\/\/jarnac-champagne.fr\/\/\/wp-content\/uploads\/2021\/07\/Tour__Charente_Maritime_2021_J2.jpg\" data-link=\"https:\/\/jarnac-champagne.fr\/\/\/tour__charente_maritime_2021_j2\/\" class=\"wp-image-2061\" srcset=\"https:\/\/jarnac-champagne.fr\/wp-content\/uploads\/2021\/07\/Tour__Charente_Maritime_2021_J2-1024x715.jpg 1024w, https:\/\/jarnac-champagne.fr\/wp-content\/uploads\/2021\/07\/Tour__Charente_Maritime_2021_J2-300x210.jpg 300w, https:\/\/jarnac-champagne.fr\/wp-content\/uploads\/2021\/07\/Tour__Charente_Maritime_2021_J2-768x536.jpg 768w, https:\/\/jarnac-champagne.fr\/wp-content\/uploads\/2021\/07\/Tour__Charente_Maritime_2021_J2-1536x1073.jpg 1536w, https:\/\/jarnac-champagne.fr\/wp-content\/uploads\/2021\/07\/Tour__Charente_Maritime_2021_J2-130x90.jpg 130w, https:\/\/jarnac-champagne.fr\/wp-content\/uploads\/2021\/07\/Tour__Charente_Maritime_2021_J2.jpg 1622w\" sizes=\"auto, (max-width: 1024px) 100vw, 1024px\" \/><figcaption class=\"blocks-gallery-item__caption\">@J.Schieser<\/figcaption><\/figure><\/li><li class=\"blocks-gallery-item\"><figure><img loading=\"lazy\" decoding=\"async\" width=\"1024\" height=\"768\" src=\"https:\/\/jarnac-champagne.fr\/\/\/wp-content\/uploads\/2021\/07\/Tour__Charente_Maritime_2021_J9-1024x768.jpg\" alt=\"\" data-id=\"2068\" data-full-url=\"https:\/\/jarnac-champagne.fr\/\/\/wp-content\/uploads\/2021\/07\/Tour__Charente_Maritime_2021_J9.jpg\" data-link=\"https:\/\/jarnac-champagne.fr\/\/\/tour__charente_maritime_2021_j9\/\" class=\"wp-image-2068\" srcset=\"https:\/\/jarnac-champagne.fr\/wp-content\/uploads\/2021\/07\/Tour__Charente_Maritime_2021_J9-1024x768.jpg 1024w, https:\/\/jarnac-champagne.fr\/wp-content\/uploads\/2021\/07\/Tour__Charente_Maritime_2021_J9-300x225.jpg 300w, https:\/\/jarnac-champagne.fr\/wp-content\/uploads\/2021\/07\/Tour__Charente_Maritime_2021_J9-768x576.jpg 768w, https:\/\/jarnac-champagne.fr\/wp-content\/uploads\/2021\/07\/Tour__Charente_Maritime_2021_J9-1536x1152.jpg 1536w, https:\/\/jarnac-champagne.fr\/wp-content\/uploads\/2021\/07\/Tour__Charente_Maritime_2021_J9.jpg 2016w\" sizes=\"auto, (max-width: 1024px) 100vw, 1024px\" \/><figcaption class=\"blocks-gallery-item__caption\">@J.Schieser<\/figcaption><\/figure><\/li><li class=\"blocks-gallery-item\"><figure><img loading=\"lazy\" decoding=\"async\" width=\"1024\" height=\"576\" src=\"https:\/\/jarnac-champagne.fr\/\/\/wp-content\/uploads\/2021\/07\/Tour__Charente_Maritime_2021_J8-1024x576.jpg\" alt=\"\" data-id=\"2067\" data-full-url=\"https:\/\/jarnac-champagne.fr\/\/\/wp-content\/uploads\/2021\/07\/Tour__Charente_Maritime_2021_J8.jpg\" data-link=\"https:\/\/jarnac-champagne.fr\/\/\/tour__charente_maritime_2021_j8\/\" class=\"wp-image-2067\" srcset=\"https:\/\/jarnac-champagne.fr\/wp-content\/uploads\/2021\/07\/Tour__Charente_Maritime_2021_J8-1024x576.jpg 1024w, https:\/\/jarnac-champagne.fr\/wp-content\/uploads\/2021\/07\/Tour__Charente_Maritime_2021_J8-300x169.jpg 300w, https:\/\/jarnac-champagne.fr\/wp-content\/uploads\/2021\/07\/Tour__Charente_Maritime_2021_J8-768x432.jpg 768w, https:\/\/jarnac-champagne.fr\/wp-content\/uploads\/2021\/07\/Tour__Charente_Maritime_2021_J8-1536x864.jpg 1536w, https:\/\/jarnac-champagne.fr\/wp-content\/uploads\/2021\/07\/Tour__Charente_Maritime_2021_J8.jpg 2016w\" sizes=\"auto, (max-width: 1024px) 100vw, 1024px\" \/><figcaption class=\"blocks-gallery-item__caption\">@J.Schieser<\/figcaption><\/figure><\/li><li class=\"blocks-gallery-item\"><figure><img loading=\"lazy\" decoding=\"async\" width=\"1024\" height=\"576\" src=\"https:\/\/jarnac-champagne.fr\/\/\/wp-content\/uploads\/2021\/07\/Tour__Charente_Maritime_2021_J7-1024x576.jpg\" alt=\"\" data-id=\"2066\" data-full-url=\"https:\/\/jarnac-champagne.fr\/\/\/wp-content\/uploads\/2021\/07\/Tour__Charente_Maritime_2021_J7.jpg\" data-link=\"https:\/\/jarnac-champagne.fr\/\/\/tour__charente_maritime_2021_j7\/\" class=\"wp-image-2066\" srcset=\"https:\/\/jarnac-champagne.fr\/wp-content\/uploads\/2021\/07\/Tour__Charente_Maritime_2021_J7-1024x576.jpg 1024w, https:\/\/jarnac-champagne.fr\/wp-content\/uploads\/2021\/07\/Tour__Charente_Maritime_2021_J7-300x169.jpg 300w, https:\/\/jarnac-champagne.fr\/wp-content\/uploads\/2021\/07\/Tour__Charente_Maritime_2021_J7-768x432.jpg 768w, https:\/\/jarnac-champagne.fr\/wp-content\/uploads\/2021\/07\/Tour__Charente_Maritime_2021_J7-1536x863.jpg 1536w, https:\/\/jarnac-champagne.fr\/wp-content\/uploads\/2021\/07\/Tour__Charente_Maritime_2021_J7.jpg 1779w\" sizes=\"auto, (max-width: 1024px) 100vw, 1024px\" \/><figcaption class=\"blocks-gallery-item__caption\">@J.Schieser<\/figcaption><\/figure><\/li><li class=\"blocks-gallery-item\"><figure><img loading=\"lazy\" decoding=\"async\" width=\"1024\" height=\"722\" src=\"https:\/\/jarnac-champagne.fr\/\/\/wp-content\/uploads\/2021\/07\/Tour__Charente_Maritime_2021_J6-1024x722.jpg\" alt=\"\" data-id=\"2065\" data-full-url=\"https:\/\/jarnac-champagne.fr\/\/\/wp-content\/uploads\/2021\/07\/Tour__Charente_Maritime_2021_J6.jpg\" data-link=\"https:\/\/jarnac-champagne.fr\/\/\/tour__charente_maritime_2021_j6\/\" class=\"wp-image-2065\" srcset=\"https:\/\/jarnac-champagne.fr\/wp-content\/uploads\/2021\/07\/Tour__Charente_Maritime_2021_J6-1024x722.jpg 1024w, https:\/\/jarnac-champagne.fr\/wp-content\/uploads\/2021\/07\/Tour__Charente_Maritime_2021_J6-300x211.jpg 300w, https:\/\/jarnac-champagne.fr\/wp-content\/uploads\/2021\/07\/Tour__Charente_Maritime_2021_J6-768x541.jpg 768w, https:\/\/jarnac-champagne.fr\/wp-content\/uploads\/2021\/07\/Tour__Charente_Maritime_2021_J6.jpg 1280w\" sizes=\"auto, (max-width: 1024px) 100vw, 1024px\" \/><figcaption class=\"blocks-gallery-item__caption\">@J.Schieser<\/figcaption><\/figure><\/li><li class=\"blocks-gallery-item\"><figure><img loading=\"lazy\" decoding=\"async\" width=\"1024\" height=\"576\" src=\"https:\/\/jarnac-champagne.fr\/\/\/wp-content\/uploads\/2021\/07\/Tour__Charente_Maritime_2021_J5-1024x576.jpg\" alt=\"\" data-id=\"2064\" data-full-url=\"https:\/\/jarnac-champagne.fr\/\/\/wp-content\/uploads\/2021\/07\/Tour__Charente_Maritime_2021_J5.jpg\" data-link=\"https:\/\/jarnac-champagne.fr\/\/\/tour__charente_maritime_2021_j5\/\" class=\"wp-image-2064\" srcset=\"https:\/\/jarnac-champagne.fr\/wp-content\/uploads\/2021\/07\/Tour__Charente_Maritime_2021_J5-1024x576.jpg 1024w, https:\/\/jarnac-champagne.fr\/wp-content\/uploads\/2021\/07\/Tour__Charente_Maritime_2021_J5-300x169.jpg 300w, https:\/\/jarnac-champagne.fr\/wp-content\/uploads\/2021\/07\/Tour__Charente_Maritime_2021_J5-768x432.jpg 768w, https:\/\/jarnac-champagne.fr\/wp-content\/uploads\/2021\/07\/Tour__Charente_Maritime_2021_J5-1536x864.jpg 1536w, https:\/\/jarnac-champagne.fr\/wp-content\/uploads\/2021\/07\/Tour__Charente_Maritime_2021_J5.jpg 2016w\" sizes=\"auto, (max-width: 1024px) 100vw, 1024px\" \/><figcaption class=\"blocks-gallery-item__caption\">@J.Schieser<\/figcaption><\/figure><\/li><li class=\"blocks-gallery-item\"><figure><img loading=\"lazy\" decoding=\"async\" width=\"1024\" height=\"736\" src=\"https:\/\/jarnac-champagne.fr\/\/\/wp-content\/uploads\/2021\/07\/Tour__Charente_Maritime_2021_J4-1024x736.jpg\" alt=\"\" data-id=\"2063\" data-full-url=\"https:\/\/jarnac-champagne.fr\/\/\/wp-content\/uploads\/2021\/07\/Tour__Charente_Maritime_2021_J4.jpg\" data-link=\"https:\/\/jarnac-champagne.fr\/\/\/tour__charente_maritime_2021_j4\/\" class=\"wp-image-2063\" srcset=\"https:\/\/jarnac-champagne.fr\/wp-content\/uploads\/2021\/07\/Tour__Charente_Maritime_2021_J4-1024x736.jpg 1024w, https:\/\/jarnac-champagne.fr\/wp-content\/uploads\/2021\/07\/Tour__Charente_Maritime_2021_J4-300x215.jpg 300w, https:\/\/jarnac-champagne.fr\/wp-content\/uploads\/2021\/07\/Tour__Charente_Maritime_2021_J4-768x552.jpg 768w, https:\/\/jarnac-champagne.fr\/wp-content\/uploads\/2021\/07\/Tour__Charente_Maritime_2021_J4-1536x1103.jpg 1536w, https:\/\/jarnac-champagne.fr\/wp-content\/uploads\/2021\/07\/Tour__Charente_Maritime_2021_J4.jpg 1647w\" sizes=\"auto, (max-width: 1024px) 100vw, 1024px\" \/><figcaption class=\"blocks-gallery-item__caption\">@J.Schieser<\/figcaption><\/figure><\/li><li class=\"blocks-gallery-item\"><figure><img loading=\"lazy\" decoding=\"async\" width=\"1024\" height=\"768\" src=\"https:\/\/jarnac-champagne.fr\/\/\/wp-content\/uploads\/2021\/07\/Tour__Charente_Maritime_2021_J3-1024x768.jpg\" alt=\"\" data-id=\"2062\" data-full-url=\"https:\/\/jarnac-champagne.fr\/\/\/wp-content\/uploads\/2021\/07\/Tour__Charente_Maritime_2021_J3.jpg\" data-link=\"https:\/\/jarnac-champagne.fr\/\/\/tour__charente_maritime_2021_j3\/\" class=\"wp-image-2062\" srcset=\"https:\/\/jarnac-champagne.fr\/wp-content\/uploads\/2021\/07\/Tour__Charente_Maritime_2021_J3-1024x768.jpg 1024w, https:\/\/jarnac-champagne.fr\/wp-content\/uploads\/2021\/07\/Tour__Charente_Maritime_2021_J3-300x225.jpg 300w, https:\/\/jarnac-champagne.fr\/wp-content\/uploads\/2021\/07\/Tour__Charente_Maritime_2021_J3-768x576.jpg 768w, https:\/\/jarnac-champagne.fr\/wp-content\/uploads\/2021\/07\/Tour__Charente_Maritime_2021_J3-1536x1152.jpg 1536w, https:\/\/jarnac-champagne.fr\/wp-content\/uploads\/2021\/07\/Tour__Charente_Maritime_2021_J3.jpg 2016w\" sizes=\"auto, (max-width: 1024px) 100vw, 1024px\" \/><figcaption class=\"blocks-gallery-item__caption\">@J.Schieser<\/figcaption><\/figure><\/li><li class=\"blocks-gallery-item\"><figure><img loading=\"lazy\" decoding=\"async\" width=\"1024\" height=\"1024\" src=\"https:\/\/jarnac-champagne.fr\/\/\/wp-content\/uploads\/2021\/07\/Tour__Charente_Maritime_2021_HS5-1024x1024.jpeg\" alt=\"\" data-id=\"2073\" data-full-url=\"https:\/\/jarnac-champagne.fr\/\/\/wp-content\/uploads\/2021\/07\/Tour__Charente_Maritime_2021_HS5.jpeg\" data-link=\"https:\/\/jarnac-champagne.fr\/\/\/tour__charente_maritime_2021_hs5\/\" class=\"wp-image-2073\" srcset=\"https:\/\/jarnac-champagne.fr\/wp-content\/uploads\/2021\/07\/Tour__Charente_Maritime_2021_HS5-1024x1024.jpeg 1024w, https:\/\/jarnac-champagne.fr\/wp-content\/uploads\/2021\/07\/Tour__Charente_Maritime_2021_HS5-300x300.jpeg 300w, https:\/\/jarnac-champagne.fr\/wp-content\/uploads\/2021\/07\/Tour__Charente_Maritime_2021_HS5-150x150.jpeg 150w, https:\/\/jarnac-champagne.fr\/wp-content\/uploads\/2021\/07\/Tour__Charente_Maritime_2021_HS5-768x768.jpeg 768w, https:\/\/jarnac-champagne.fr\/wp-content\/uploads\/2021\/07\/Tour__Charente_Maritime_2021_HS5.jpeg 1066w\" sizes=\"auto, (max-width: 1024px) 100vw, 1024px\" \/><figcaption class=\"blocks-gallery-item__caption\">@Haute-Saintonge hebdo<\/figcaption><\/figure><\/li><li class=\"blocks-gallery-item\"><figure><img loading=\"lazy\" decoding=\"async\" width=\"1024\" height=\"1024\" src=\"https:\/\/jarnac-champagne.fr\/\/\/wp-content\/uploads\/2021\/07\/Tour__Charente_Maritime_2021_HS4-1024x1024.jpeg\" alt=\"\" data-id=\"2072\" data-full-url=\"https:\/\/jarnac-champagne.fr\/\/\/wp-content\/uploads\/2021\/07\/Tour__Charente_Maritime_2021_HS4.jpeg\" data-link=\"https:\/\/jarnac-champagne.fr\/\/\/tour__charente_maritime_2021_hs4\/\" class=\"wp-image-2072\" srcset=\"https:\/\/jarnac-champagne.fr\/wp-content\/uploads\/2021\/07\/Tour__Charente_Maritime_2021_HS4-1024x1024.jpeg 1024w, https:\/\/jarnac-champagne.fr\/wp-content\/uploads\/2021\/07\/Tour__Charente_Maritime_2021_HS4-300x300.jpeg 300w, https:\/\/jarnac-champagne.fr\/wp-content\/uploads\/2021\/07\/Tour__Charente_Maritime_2021_HS4-150x150.jpeg 150w, https:\/\/jarnac-champagne.fr\/wp-content\/uploads\/2021\/07\/Tour__Charente_Maritime_2021_HS4-768x768.jpeg 768w, https:\/\/jarnac-champagne.fr\/wp-content\/uploads\/2021\/07\/Tour__Charente_Maritime_2021_HS4.jpeg 1065w\" sizes=\"auto, (max-width: 1024px) 100vw, 1024px\" \/><figcaption class=\"blocks-gallery-item__caption\">@Haute-Saintonge hebdo<\/figcaption><\/figure><\/li><li class=\"blocks-gallery-item\"><figure><img loading=\"lazy\" decoding=\"async\" width=\"1024\" height=\"1024\" src=\"https:\/\/jarnac-champagne.fr\/\/\/wp-content\/uploads\/2021\/07\/Tour__Charente_Maritime_2021_HS3-1024x1024.jpeg\" alt=\"\" data-id=\"2071\" data-full-url=\"https:\/\/jarnac-champagne.fr\/\/\/wp-content\/uploads\/2021\/07\/Tour__Charente_Maritime_2021_HS3.jpeg\" data-link=\"https:\/\/jarnac-champagne.fr\/\/\/tour__charente_maritime_2021_hs3\/\" class=\"wp-image-2071\" srcset=\"https:\/\/jarnac-champagne.fr\/wp-content\/uploads\/2021\/07\/Tour__Charente_Maritime_2021_HS3-1024x1024.jpeg 1024w, https:\/\/jarnac-champagne.fr\/wp-content\/uploads\/2021\/07\/Tour__Charente_Maritime_2021_HS3-300x300.jpeg 300w, https:\/\/jarnac-champagne.fr\/wp-content\/uploads\/2021\/07\/Tour__Charente_Maritime_2021_HS3-150x150.jpeg 150w, https:\/\/jarnac-champagne.fr\/wp-content\/uploads\/2021\/07\/Tour__Charente_Maritime_2021_HS3-768x768.jpeg 768w, https:\/\/jarnac-champagne.fr\/wp-content\/uploads\/2021\/07\/Tour__Charente_Maritime_2021_HS3.jpeg 1066w\" sizes=\"auto, (max-width: 1024px) 100vw, 1024px\" \/><figcaption class=\"blocks-gallery-item__caption\">@Haute-Saintonge hebdo<\/figcaption><\/figure><\/li><li class=\"blocks-gallery-item\"><figure><img loading=\"lazy\" decoding=\"async\" width=\"1024\" height=\"1024\" src=\"https:\/\/jarnac-champagne.fr\/\/\/wp-content\/uploads\/2021\/07\/Tour__Charente_Maritime_2021_HS2-1024x1024.jpeg\" alt=\"\" data-id=\"2070\" data-full-url=\"https:\/\/jarnac-champagne.fr\/\/\/wp-content\/uploads\/2021\/07\/Tour__Charente_Maritime_2021_HS2.jpeg\" data-link=\"https:\/\/jarnac-champagne.fr\/\/\/tour__charente_maritime_2021_hs2\/\" class=\"wp-image-2070\" srcset=\"https:\/\/jarnac-champagne.fr\/wp-content\/uploads\/2021\/07\/Tour__Charente_Maritime_2021_HS2-1024x1024.jpeg 1024w, https:\/\/jarnac-champagne.fr\/wp-content\/uploads\/2021\/07\/Tour__Charente_Maritime_2021_HS2-300x300.jpeg 300w, https:\/\/jarnac-champagne.fr\/wp-content\/uploads\/2021\/07\/Tour__Charente_Maritime_2021_HS2-150x150.jpeg 150w, https:\/\/jarnac-champagne.fr\/wp-content\/uploads\/2021\/07\/Tour__Charente_Maritime_2021_HS2-768x768.jpeg 768w, https:\/\/jarnac-champagne.fr\/wp-content\/uploads\/2021\/07\/Tour__Charente_Maritime_2021_HS2.jpeg 1066w\" sizes=\"auto, (max-width: 1024px) 100vw, 1024px\" \/><figcaption class=\"blocks-gallery-item__caption\">@Haute-Saintonge hebdo<\/figcaption><\/figure><\/li><li class=\"blocks-gallery-item\"><figure><img loading=\"lazy\" decoding=\"async\" width=\"1024\" height=\"1024\" src=\"https:\/\/jarnac-champagne.fr\/\/\/wp-content\/uploads\/2021\/07\/Tour__Charente_Maritime_2021_HS1-1024x1024.jpeg\" alt=\"\" data-id=\"2069\" data-full-url=\"https:\/\/jarnac-champagne.fr\/\/\/wp-content\/uploads\/2021\/07\/Tour__Charente_Maritime_2021_HS1.jpeg\" data-link=\"https:\/\/jarnac-champagne.fr\/\/\/tour__charente_maritime_2021_hs1\/\" class=\"wp-image-2069\" srcset=\"https:\/\/jarnac-champagne.fr\/wp-content\/uploads\/2021\/07\/Tour__Charente_Maritime_2021_HS1-1024x1024.jpeg 1024w, https:\/\/jarnac-champagne.fr\/wp-content\/uploads\/2021\/07\/Tour__Charente_Maritime_2021_HS1-300x300.jpeg 300w, https:\/\/jarnac-champagne.fr\/wp-content\/uploads\/2021\/07\/Tour__Charente_Maritime_2021_HS1-150x150.jpeg 150w, https:\/\/jarnac-champagne.fr\/wp-content\/uploads\/2021\/07\/Tour__Charente_Maritime_2021_HS1-768x768.jpeg 768w, https:\/\/jarnac-champagne.fr\/wp-content\/uploads\/2021\/07\/Tour__Charente_Maritime_2021_HS1.jpeg 1066w\" sizes=\"auto, (max-width: 1024px) 100vw, 1024px\" \/><figcaption class=\"blocks-gallery-item__caption\">@Haute-Saintonge hebdo<\/figcaption><\/figure><\/li><li class=\"blocks-gallery-item\"><figure><img loading=\"lazy\" decoding=\"async\" width=\"1024\" height=\"768\" src=\"https:\/\/jarnac-champagne.fr\/\/\/wp-content\/uploads\/2021\/07\/Tour__Charente_Maritime_2021_HS19-1024x768.jpeg\" alt=\"\" data-id=\"2087\" data-full-url=\"https:\/\/jarnac-champagne.fr\/\/\/wp-content\/uploads\/2021\/07\/Tour__Charente_Maritime_2021_HS19.jpeg\" data-link=\"https:\/\/jarnac-champagne.fr\/\/\/tour__charente_maritime_2021_hs19\/\" class=\"wp-image-2087\" srcset=\"https:\/\/jarnac-champagne.fr\/wp-content\/uploads\/2021\/07\/Tour__Charente_Maritime_2021_HS19-1024x768.jpeg 1024w, https:\/\/jarnac-champagne.fr\/wp-content\/uploads\/2021\/07\/Tour__Charente_Maritime_2021_HS19-300x225.jpeg 300w, https:\/\/jarnac-champagne.fr\/wp-content\/uploads\/2021\/07\/Tour__Charente_Maritime_2021_HS19-768x576.jpeg 768w, https:\/\/jarnac-champagne.fr\/wp-content\/uploads\/2021\/07\/Tour__Charente_Maritime_2021_HS19-1536x1152.jpeg 1536w, https:\/\/jarnac-champagne.fr\/wp-content\/uploads\/2021\/07\/Tour__Charente_Maritime_2021_HS19.jpeg 2048w\" sizes=\"auto, (max-width: 1024px) 100vw, 1024px\" \/><figcaption class=\"blocks-gallery-item__caption\">@Haute-Saintonge hebdo<\/figcaption><\/figure><\/li><li class=\"blocks-gallery-item\"><figure><img loading=\"lazy\" decoding=\"async\" width=\"768\" height=\"1024\" src=\"https:\/\/jarnac-champagne.fr\/\/\/wp-content\/uploads\/2021\/07\/Tour__Charente_Maritime_2021_HS18-768x1024.jpeg\" alt=\"\" data-id=\"2086\" data-full-url=\"https:\/\/jarnac-champagne.fr\/\/\/wp-content\/uploads\/2021\/07\/Tour__Charente_Maritime_2021_HS18.jpeg\" data-link=\"https:\/\/jarnac-champagne.fr\/\/\/tour__charente_maritime_2021_hs18\/\" class=\"wp-image-2086\" srcset=\"https:\/\/jarnac-champagne.fr\/wp-content\/uploads\/2021\/07\/Tour__Charente_Maritime_2021_HS18-768x1024.jpeg 768w, https:\/\/jarnac-champagne.fr\/wp-content\/uploads\/2021\/07\/Tour__Charente_Maritime_2021_HS18-225x300.jpeg 225w, https:\/\/jarnac-champagne.fr\/wp-content\/uploads\/2021\/07\/Tour__Charente_Maritime_2021_HS18-1152x1536.jpeg 1152w, https:\/\/jarnac-champagne.fr\/wp-content\/uploads\/2021\/07\/Tour__Charente_Maritime_2021_HS18.jpeg 1536w\" sizes=\"auto, (max-width: 768px) 100vw, 768px\" \/><figcaption class=\"blocks-gallery-item__caption\">@Haute-Saintonge hebdo<\/figcaption><\/figure><\/li><li class=\"blocks-gallery-item\"><figure><img loading=\"lazy\" decoding=\"async\" width=\"768\" height=\"1024\" src=\"https:\/\/jarnac-champagne.fr\/\/\/wp-content\/uploads\/2021\/07\/Tour__Charente_Maritime_2021_HS17-768x1024.jpeg\" alt=\"\" data-id=\"2085\" data-full-url=\"https:\/\/jarnac-champagne.fr\/\/\/wp-content\/uploads\/2021\/07\/Tour__Charente_Maritime_2021_HS17.jpeg\" data-link=\"https:\/\/jarnac-champagne.fr\/\/\/tour__charente_maritime_2021_hs17\/\" class=\"wp-image-2085\" srcset=\"https:\/\/jarnac-champagne.fr\/wp-content\/uploads\/2021\/07\/Tour__Charente_Maritime_2021_HS17-768x1024.jpeg 768w, https:\/\/jarnac-champagne.fr\/wp-content\/uploads\/2021\/07\/Tour__Charente_Maritime_2021_HS17-225x300.jpeg 225w, https:\/\/jarnac-champagne.fr\/wp-content\/uploads\/2021\/07\/Tour__Charente_Maritime_2021_HS17-1152x1536.jpeg 1152w, https:\/\/jarnac-champagne.fr\/wp-content\/uploads\/2021\/07\/Tour__Charente_Maritime_2021_HS17.jpeg 1536w\" sizes=\"auto, (max-width: 768px) 100vw, 768px\" \/><figcaption class=\"blocks-gallery-item__caption\">@Haute-Saintonge hebdo<\/figcaption><\/figure><\/li><li class=\"blocks-gallery-item\"><figure><img loading=\"lazy\" decoding=\"async\" width=\"1024\" height=\"768\" src=\"https:\/\/jarnac-champagne.fr\/\/\/wp-content\/uploads\/2021\/07\/Tour__Charente_Maritime_2021_HS16-1024x768.jpeg\" alt=\"\" data-id=\"2084\" data-full-url=\"https:\/\/jarnac-champagne.fr\/\/\/wp-content\/uploads\/2021\/07\/Tour__Charente_Maritime_2021_HS16.jpeg\" data-link=\"https:\/\/jarnac-champagne.fr\/\/\/tour__charente_maritime_2021_hs16\/\" class=\"wp-image-2084\" srcset=\"https:\/\/jarnac-champagne.fr\/wp-content\/uploads\/2021\/07\/Tour__Charente_Maritime_2021_HS16-1024x768.jpeg 1024w, https:\/\/jarnac-champagne.fr\/wp-content\/uploads\/2021\/07\/Tour__Charente_Maritime_2021_HS16-300x225.jpeg 300w, https:\/\/jarnac-champagne.fr\/wp-content\/uploads\/2021\/07\/Tour__Charente_Maritime_2021_HS16-768x576.jpeg 768w, https:\/\/jarnac-champagne.fr\/wp-content\/uploads\/2021\/07\/Tour__Charente_Maritime_2021_HS16-1536x1152.jpeg 1536w, https:\/\/jarnac-champagne.fr\/wp-content\/uploads\/2021\/07\/Tour__Charente_Maritime_2021_HS16.jpeg 2048w\" sizes=\"auto, (max-width: 1024px) 100vw, 1024px\" \/><figcaption class=\"blocks-gallery-item__caption\">@Haute-Saintonge hebdo<\/figcaption><\/figure><\/li><li class=\"blocks-gallery-item\"><figure><img loading=\"lazy\" decoding=\"async\" width=\"1024\" height=\"768\" src=\"https:\/\/jarnac-champagne.fr\/\/\/wp-content\/uploads\/2021\/07\/Tour__Charente_Maritime_2021_HS15-1024x768.jpeg\" alt=\"\" data-id=\"2083\" data-full-url=\"https:\/\/jarnac-champagne.fr\/\/\/wp-content\/uploads\/2021\/07\/Tour__Charente_Maritime_2021_HS15.jpeg\" data-link=\"https:\/\/jarnac-champagne.fr\/\/\/tour__charente_maritime_2021_hs15\/\" class=\"wp-image-2083\" srcset=\"https:\/\/jarnac-champagne.fr\/wp-content\/uploads\/2021\/07\/Tour__Charente_Maritime_2021_HS15-1024x768.jpeg 1024w, https:\/\/jarnac-champagne.fr\/wp-content\/uploads\/2021\/07\/Tour__Charente_Maritime_2021_HS15-300x225.jpeg 300w, https:\/\/jarnac-champagne.fr\/wp-content\/uploads\/2021\/07\/Tour__Charente_Maritime_2021_HS15-768x576.jpeg 768w, https:\/\/jarnac-champagne.fr\/wp-content\/uploads\/2021\/07\/Tour__Charente_Maritime_2021_HS15-1536x1152.jpeg 1536w, https:\/\/jarnac-champagne.fr\/wp-content\/uploads\/2021\/07\/Tour__Charente_Maritime_2021_HS15.jpeg 2048w\" sizes=\"auto, (max-width: 1024px) 100vw, 1024px\" \/><figcaption class=\"blocks-gallery-item__caption\">@Haute-Saintonge hebdo<\/figcaption><\/figure><\/li><li class=\"blocks-gallery-item\"><figure><img loading=\"lazy\" decoding=\"async\" width=\"1024\" height=\"768\" src=\"https:\/\/jarnac-champagne.fr\/\/\/wp-content\/uploads\/2021\/07\/Tour__Charente_Maritime_2021_HS14-1024x768.jpeg\" alt=\"\" data-id=\"2082\" data-full-url=\"https:\/\/jarnac-champagne.fr\/\/\/wp-content\/uploads\/2021\/07\/Tour__Charente_Maritime_2021_HS14.jpeg\" data-link=\"https:\/\/jarnac-champagne.fr\/\/\/tour__charente_maritime_2021_hs14\/\" class=\"wp-image-2082\" srcset=\"https:\/\/jarnac-champagne.fr\/wp-content\/uploads\/2021\/07\/Tour__Charente_Maritime_2021_HS14-1024x768.jpeg 1024w, https:\/\/jarnac-champagne.fr\/wp-content\/uploads\/2021\/07\/Tour__Charente_Maritime_2021_HS14-300x225.jpeg 300w, https:\/\/jarnac-champagne.fr\/wp-content\/uploads\/2021\/07\/Tour__Charente_Maritime_2021_HS14-768x576.jpeg 768w, https:\/\/jarnac-champagne.fr\/wp-content\/uploads\/2021\/07\/Tour__Charente_Maritime_2021_HS14-1536x1152.jpeg 1536w, https:\/\/jarnac-champagne.fr\/wp-content\/uploads\/2021\/07\/Tour__Charente_Maritime_2021_HS14.jpeg 2048w\" sizes=\"auto, (max-width: 1024px) 100vw, 1024px\" \/><figcaption class=\"blocks-gallery-item__caption\">@Haute-Saintonge hebdo<\/figcaption><\/figure><\/li><li class=\"blocks-gallery-item\"><figure><img loading=\"lazy\" decoding=\"async\" width=\"1024\" height=\"768\" src=\"https:\/\/jarnac-champagne.fr\/\/\/wp-content\/uploads\/2021\/07\/Tour__Charente_Maritime_2021_HS13-1024x768.jpeg\" alt=\"\" data-id=\"2081\" data-full-url=\"https:\/\/jarnac-champagne.fr\/\/\/wp-content\/uploads\/2021\/07\/Tour__Charente_Maritime_2021_HS13.jpeg\" data-link=\"https:\/\/jarnac-champagne.fr\/\/\/tour__charente_maritime_2021_hs13\/\" class=\"wp-image-2081\" srcset=\"https:\/\/jarnac-champagne.fr\/wp-content\/uploads\/2021\/07\/Tour__Charente_Maritime_2021_HS13-1024x768.jpeg 1024w, https:\/\/jarnac-champagne.fr\/wp-content\/uploads\/2021\/07\/Tour__Charente_Maritime_2021_HS13-300x225.jpeg 300w, https:\/\/jarnac-champagne.fr\/wp-content\/uploads\/2021\/07\/Tour__Charente_Maritime_2021_HS13-768x576.jpeg 768w, https:\/\/jarnac-champagne.fr\/wp-content\/uploads\/2021\/07\/Tour__Charente_Maritime_2021_HS13-1536x1152.jpeg 1536w, https:\/\/jarnac-champagne.fr\/wp-content\/uploads\/2021\/07\/Tour__Charente_Maritime_2021_HS13.jpeg 2048w\" sizes=\"auto, (max-width: 1024px) 100vw, 1024px\" \/><figcaption class=\"blocks-gallery-item__caption\">@Haute-Saintonge hebdo<\/figcaption><\/figure><\/li><li class=\"blocks-gallery-item\"><figure><img loading=\"lazy\" decoding=\"async\" width=\"1024\" height=\"768\" src=\"https:\/\/jarnac-champagne.fr\/\/\/wp-content\/uploads\/2021\/07\/Tour__Charente_Maritime_2021_HS12-1024x768.jpeg\" alt=\"\" data-id=\"2080\" data-full-url=\"https:\/\/jarnac-champagne.fr\/\/\/wp-content\/uploads\/2021\/07\/Tour__Charente_Maritime_2021_HS12.jpeg\" data-link=\"https:\/\/jarnac-champagne.fr\/\/\/tour__charente_maritime_2021_hs12\/\" class=\"wp-image-2080\" srcset=\"https:\/\/jarnac-champagne.fr\/wp-content\/uploads\/2021\/07\/Tour__Charente_Maritime_2021_HS12-1024x768.jpeg 1024w, https:\/\/jarnac-champagne.fr\/wp-content\/uploads\/2021\/07\/Tour__Charente_Maritime_2021_HS12-300x225.jpeg 300w, https:\/\/jarnac-champagne.fr\/wp-content\/uploads\/2021\/07\/Tour__Charente_Maritime_2021_HS12-768x576.jpeg 768w, https:\/\/jarnac-champagne.fr\/wp-content\/uploads\/2021\/07\/Tour__Charente_Maritime_2021_HS12-1536x1152.jpeg 1536w, https:\/\/jarnac-champagne.fr\/wp-content\/uploads\/2021\/07\/Tour__Charente_Maritime_2021_HS12.jpeg 2048w\" sizes=\"auto, (max-width: 1024px) 100vw, 1024px\" \/><figcaption class=\"blocks-gallery-item__caption\">@Haute-Saintonge hebdo<\/figcaption><\/figure><\/li><li class=\"blocks-gallery-item\"><figure><img loading=\"lazy\" decoding=\"async\" width=\"768\" height=\"1024\" src=\"https:\/\/jarnac-champagne.fr\/\/\/wp-content\/uploads\/2021\/07\/Tour__Charente_Maritime_2021_HS11-768x1024.jpeg\" alt=\"\" data-id=\"2079\" data-full-url=\"https:\/\/jarnac-champagne.fr\/\/\/wp-content\/uploads\/2021\/07\/Tour__Charente_Maritime_2021_HS11.jpeg\" data-link=\"https:\/\/jarnac-champagne.fr\/\/\/tour__charente_maritime_2021_hs11\/\" class=\"wp-image-2079\" srcset=\"https:\/\/jarnac-champagne.fr\/wp-content\/uploads\/2021\/07\/Tour__Charente_Maritime_2021_HS11-768x1024.jpeg 768w, https:\/\/jarnac-champagne.fr\/wp-content\/uploads\/2021\/07\/Tour__Charente_Maritime_2021_HS11-225x300.jpeg 225w, https:\/\/jarnac-champagne.fr\/wp-content\/uploads\/2021\/07\/Tour__Charente_Maritime_2021_HS11-1152x1536.jpeg 1152w, https:\/\/jarnac-champagne.fr\/wp-content\/uploads\/2021\/07\/Tour__Charente_Maritime_2021_HS11.jpeg 1536w\" sizes=\"auto, (max-width: 768px) 100vw, 768px\" \/><figcaption class=\"blocks-gallery-item__caption\">@Haute-Saintonge hebdo<\/figcaption><\/figure><\/li><li class=\"blocks-gallery-item\"><figure><img loading=\"lazy\" decoding=\"async\" width=\"1024\" height=\"768\" src=\"https:\/\/jarnac-champagne.fr\/\/\/wp-content\/uploads\/2021\/07\/Tour__Charente_Maritime_2021_HS10-1024x768.jpeg\" alt=\"\" data-id=\"2078\" data-full-url=\"https:\/\/jarnac-champagne.fr\/\/\/wp-content\/uploads\/2021\/07\/Tour__Charente_Maritime_2021_HS10.jpeg\" data-link=\"https:\/\/jarnac-champagne.fr\/\/\/tour__charente_maritime_2021_hs10\/\" class=\"wp-image-2078\" srcset=\"https:\/\/jarnac-champagne.fr\/wp-content\/uploads\/2021\/07\/Tour__Charente_Maritime_2021_HS10-1024x768.jpeg 1024w, https:\/\/jarnac-champagne.fr\/wp-content\/uploads\/2021\/07\/Tour__Charente_Maritime_2021_HS10-300x225.jpeg 300w, https:\/\/jarnac-champagne.fr\/wp-content\/uploads\/2021\/07\/Tour__Charente_Maritime_2021_HS10-768x576.jpeg 768w, https:\/\/jarnac-champagne.fr\/wp-content\/uploads\/2021\/07\/Tour__Charente_Maritime_2021_HS10-1536x1152.jpeg 1536w, https:\/\/jarnac-champagne.fr\/wp-content\/uploads\/2021\/07\/Tour__Charente_Maritime_2021_HS10.jpeg 2048w\" sizes=\"auto, (max-width: 1024px) 100vw, 1024px\" \/><figcaption class=\"blocks-gallery-item__caption\">@Haute-Saintonge hebdo<\/figcaption><\/figure><\/li><li class=\"blocks-gallery-item\"><figure><img loading=\"lazy\" decoding=\"async\" width=\"1024\" height=\"1024\" src=\"https:\/\/jarnac-champagne.fr\/\/\/wp-content\/uploads\/2021\/07\/Tour__Charente_Maritime_2021_HS9-1024x1024.jpeg\" alt=\"\" data-id=\"2077\" data-full-url=\"https:\/\/jarnac-champagne.fr\/\/\/wp-content\/uploads\/2021\/07\/Tour__Charente_Maritime_2021_HS9.jpeg\" data-link=\"https:\/\/jarnac-champagne.fr\/\/\/tour__charente_maritime_2021_hs9\/\" class=\"wp-image-2077\" srcset=\"https:\/\/jarnac-champagne.fr\/wp-content\/uploads\/2021\/07\/Tour__Charente_Maritime_2021_HS9-1024x1024.jpeg 1024w, https:\/\/jarnac-champagne.fr\/wp-content\/uploads\/2021\/07\/Tour__Charente_Maritime_2021_HS9-300x300.jpeg 300w, https:\/\/jarnac-champagne.fr\/wp-content\/uploads\/2021\/07\/Tour__Charente_Maritime_2021_HS9-150x150.jpeg 150w, https:\/\/jarnac-champagne.fr\/wp-content\/uploads\/2021\/07\/Tour__Charente_Maritime_2021_HS9-768x768.jpeg 768w, https:\/\/jarnac-champagne.fr\/wp-content\/uploads\/2021\/07\/Tour__Charente_Maritime_2021_HS9.jpeg 1065w\" sizes=\"auto, (max-width: 1024px) 100vw, 1024px\" \/><figcaption class=\"blocks-gallery-item__caption\">@Haute-Saintonge hebdo<\/figcaption><\/figure><\/li><li class=\"blocks-gallery-item\"><figure><img loading=\"lazy\" decoding=\"async\" width=\"1024\" height=\"768\" src=\"https:\/\/jarnac-champagne.fr\/\/\/wp-content\/uploads\/2021\/07\/Tour__Charente_Maritime_2021_HS8-1024x768.jpeg\" alt=\"\" data-id=\"2076\" data-full-url=\"https:\/\/jarnac-champagne.fr\/\/\/wp-content\/uploads\/2021\/07\/Tour__Charente_Maritime_2021_HS8.jpeg\" data-link=\"https:\/\/jarnac-champagne.fr\/\/\/tour__charente_maritime_2021_hs8\/\" class=\"wp-image-2076\" srcset=\"https:\/\/jarnac-champagne.fr\/wp-content\/uploads\/2021\/07\/Tour__Charente_Maritime_2021_HS8-1024x768.jpeg 1024w, https:\/\/jarnac-champagne.fr\/wp-content\/uploads\/2021\/07\/Tour__Charente_Maritime_2021_HS8-300x225.jpeg 300w, https:\/\/jarnac-champagne.fr\/wp-content\/uploads\/2021\/07\/Tour__Charente_Maritime_2021_HS8-768x576.jpeg 768w, https:\/\/jarnac-champagne.fr\/wp-content\/uploads\/2021\/07\/Tour__Charente_Maritime_2021_HS8-1536x1152.jpeg 1536w, https:\/\/jarnac-champagne.fr\/wp-content\/uploads\/2021\/07\/Tour__Charente_Maritime_2021_HS8.jpeg 2048w\" sizes=\"auto, (max-width: 1024px) 100vw, 1024px\" \/><figcaption class=\"blocks-gallery-item__caption\">@Haute-Saintonge hebdo<\/figcaption><\/figure><\/li><li class=\"blocks-gallery-item\"><figure><img loading=\"lazy\" decoding=\"async\" width=\"1024\" height=\"768\" src=\"https:\/\/jarnac-champagne.fr\/\/\/wp-content\/uploads\/2021\/07\/Tour__Charente_Maritime_2021_HS7-1024x768.jpeg\" alt=\"\" data-id=\"2075\" data-full-url=\"https:\/\/jarnac-champagne.fr\/\/\/wp-content\/uploads\/2021\/07\/Tour__Charente_Maritime_2021_HS7.jpeg\" data-link=\"https:\/\/jarnac-champagne.fr\/\/\/tour__charente_maritime_2021_hs7\/\" class=\"wp-image-2075\" srcset=\"https:\/\/jarnac-champagne.fr\/wp-content\/uploads\/2021\/07\/Tour__Charente_Maritime_2021_HS7-1024x768.jpeg 1024w, https:\/\/jarnac-champagne.fr\/wp-content\/uploads\/2021\/07\/Tour__Charente_Maritime_2021_HS7-300x225.jpeg 300w, https:\/\/jarnac-champagne.fr\/wp-content\/uploads\/2021\/07\/Tour__Charente_Maritime_2021_HS7-768x576.jpeg 768w, https:\/\/jarnac-champagne.fr\/wp-content\/uploads\/2021\/07\/Tour__Charente_Maritime_2021_HS7-1536x1152.jpeg 1536w, https:\/\/jarnac-champagne.fr\/wp-content\/uploads\/2021\/07\/Tour__Charente_Maritime_2021_HS7.jpeg 2048w\" sizes=\"auto, (max-width: 1024px) 100vw, 1024px\" \/><figcaption class=\"blocks-gallery-item__caption\">@Haute-Saintonge hebdo<\/figcaption><\/figure><\/li><li class=\"blocks-gallery-item\"><figure><img loading=\"lazy\" decoding=\"async\" width=\"1024\" height=\"1024\" src=\"https:\/\/jarnac-champagne.fr\/\/\/wp-content\/uploads\/2021\/07\/Tour__Charente_Maritime_2021_HS6-1024x1024.jpeg\" alt=\"\" data-id=\"2074\" data-full-url=\"https:\/\/jarnac-champagne.fr\/\/\/wp-content\/uploads\/2021\/07\/Tour__Charente_Maritime_2021_HS6.jpeg\" data-link=\"https:\/\/jarnac-champagne.fr\/\/\/tour__charente_maritime_2021_hs6\/\" class=\"wp-image-2074\" srcset=\"https:\/\/jarnac-champagne.fr\/wp-content\/uploads\/2021\/07\/Tour__Charente_Maritime_2021_HS6-1024x1024.jpeg 1024w, https:\/\/jarnac-champagne.fr\/wp-content\/uploads\/2021\/07\/Tour__Charente_Maritime_2021_HS6-300x300.jpeg 300w, https:\/\/jarnac-champagne.fr\/wp-content\/uploads\/2021\/07\/Tour__Charente_Maritime_2021_HS6-150x150.jpeg 150w, https:\/\/jarnac-champagne.fr\/wp-content\/uploads\/2021\/07\/Tour__Charente_Maritime_2021_HS6-768x768.jpeg 768w, https:\/\/jarnac-champagne.fr\/wp-content\/uploads\/2021\/07\/Tour__Charente_Maritime_2021_HS6.jpeg 1066w\" sizes=\"auto, (max-width: 1024px) 100vw, 1024px\" \/><figcaption class=\"blocks-gallery-item__caption\">@Haute-Saintonge hebdo<\/figcaption><\/figure><\/li><li class=\"blocks-gallery-item\"><figure><img loading=\"lazy\" decoding=\"async\" width=\"1024\" height=\"768\" src=\"https:\/\/jarnac-champagne.fr\/\/\/wp-content\/uploads\/2021\/07\/Tour__Charente_Maritime_202115-1024x768.jpg\" alt=\"\" data-id=\"2105\" data-full-url=\"https:\/\/jarnac-champagne.fr\/\/\/wp-content\/uploads\/2021\/07\/Tour__Charente_Maritime_202115-scaled.jpg\" data-link=\"https:\/\/jarnac-champagne.fr\/\/\/tour__charente_maritime_202115\/\" class=\"wp-image-2105\" srcset=\"https:\/\/jarnac-champagne.fr\/wp-content\/uploads\/2021\/07\/Tour__Charente_Maritime_202115-1024x768.jpg 1024w, https:\/\/jarnac-champagne.fr\/wp-content\/uploads\/2021\/07\/Tour__Charente_Maritime_202115-300x225.jpg 300w, https:\/\/jarnac-champagne.fr\/wp-content\/uploads\/2021\/07\/Tour__Charente_Maritime_202115-768x576.jpg 768w, https:\/\/jarnac-champagne.fr\/wp-content\/uploads\/2021\/07\/Tour__Charente_Maritime_202115-1536x1152.jpg 1536w, https:\/\/jarnac-champagne.fr\/wp-content\/uploads\/2021\/07\/Tour__Charente_Maritime_202115-2048x1536.jpg 2048w\" sizes=\"auto, (max-width: 1024px) 100vw, 1024px\" \/><figcaption class=\"blocks-gallery-item__caption\">Les v\u00e9los fleuris<\/figcaption><\/figure><\/li><li class=\"blocks-gallery-item\"><figure><img loading=\"lazy\" decoding=\"async\" width=\"1024\" height=\"768\" src=\"https:\/\/jarnac-champagne.fr\/\/\/wp-content\/uploads\/2021\/07\/Tour__Charente_Maritime_202114-1024x768.jpg\" alt=\"\" data-id=\"2103\" data-full-url=\"https:\/\/jarnac-champagne.fr\/\/\/wp-content\/uploads\/2021\/07\/Tour__Charente_Maritime_202114-scaled.jpg\" data-link=\"https:\/\/jarnac-champagne.fr\/\/\/tour__charente_maritime_202114\/\" class=\"wp-image-2103\" srcset=\"https:\/\/jarnac-champagne.fr\/wp-content\/uploads\/2021\/07\/Tour__Charente_Maritime_202114-1024x768.jpg 1024w, https:\/\/jarnac-champagne.fr\/wp-content\/uploads\/2021\/07\/Tour__Charente_Maritime_202114-300x225.jpg 300w, https:\/\/jarnac-champagne.fr\/wp-content\/uploads\/2021\/07\/Tour__Charente_Maritime_202114-768x576.jpg 768w, https:\/\/jarnac-champagne.fr\/wp-content\/uploads\/2021\/07\/Tour__Charente_Maritime_202114-1536x1152.jpg 1536w, https:\/\/jarnac-champagne.fr\/wp-content\/uploads\/2021\/07\/Tour__Charente_Maritime_202114-2048x1536.jpg 2048w\" sizes=\"auto, (max-width: 1024px) 100vw, 1024px\" \/><figcaption class=\"blocks-gallery-item__caption\">Les v\u00e9los fleuris<\/figcaption><\/figure><\/li><li class=\"blocks-gallery-item\"><figure><img loading=\"lazy\" decoding=\"async\" width=\"1024\" height=\"768\" src=\"https:\/\/jarnac-champagne.fr\/\/\/wp-content\/uploads\/2021\/07\/Tour__Charente_Maritime_202113-1024x768.jpg\" alt=\"\" data-id=\"2102\" data-full-url=\"https:\/\/jarnac-champagne.fr\/\/\/wp-content\/uploads\/2021\/07\/Tour__Charente_Maritime_202113-scaled.jpg\" data-link=\"https:\/\/jarnac-champagne.fr\/\/\/tour__charente_maritime_202113\/\" class=\"wp-image-2102\" srcset=\"https:\/\/jarnac-champagne.fr\/wp-content\/uploads\/2021\/07\/Tour__Charente_Maritime_202113-1024x768.jpg 1024w, https:\/\/jarnac-champagne.fr\/wp-content\/uploads\/2021\/07\/Tour__Charente_Maritime_202113-300x225.jpg 300w, https:\/\/jarnac-champagne.fr\/wp-content\/uploads\/2021\/07\/Tour__Charente_Maritime_202113-768x576.jpg 768w, https:\/\/jarnac-champagne.fr\/wp-content\/uploads\/2021\/07\/Tour__Charente_Maritime_202113-1536x1152.jpg 1536w, https:\/\/jarnac-champagne.fr\/wp-content\/uploads\/2021\/07\/Tour__Charente_Maritime_202113-2048x1536.jpg 2048w\" sizes=\"auto, (max-width: 1024px) 100vw, 1024px\" \/><figcaption class=\"blocks-gallery-item__caption\">Les v\u00e9los fleuris<\/figcaption><\/figure><\/li><li class=\"blocks-gallery-item\"><figure><img loading=\"lazy\" decoding=\"async\" width=\"1024\" height=\"768\" src=\"https:\/\/jarnac-champagne.fr\/\/\/wp-content\/uploads\/2021\/07\/Tour__Charente_Maritime_202112-1024x768.jpg\" alt=\"\" data-id=\"2101\" data-full-url=\"https:\/\/jarnac-champagne.fr\/\/\/wp-content\/uploads\/2021\/07\/Tour__Charente_Maritime_202112-scaled.jpg\" data-link=\"https:\/\/jarnac-champagne.fr\/\/\/tour__charente_maritime_202112\/\" class=\"wp-image-2101\" srcset=\"https:\/\/jarnac-champagne.fr\/wp-content\/uploads\/2021\/07\/Tour__Charente_Maritime_202112-1024x768.jpg 1024w, https:\/\/jarnac-champagne.fr\/wp-content\/uploads\/2021\/07\/Tour__Charente_Maritime_202112-300x225.jpg 300w, https:\/\/jarnac-champagne.fr\/wp-content\/uploads\/2021\/07\/Tour__Charente_Maritime_202112-768x576.jpg 768w, https:\/\/jarnac-champagne.fr\/wp-content\/uploads\/2021\/07\/Tour__Charente_Maritime_202112-1536x1152.jpg 1536w, https:\/\/jarnac-champagne.fr\/wp-content\/uploads\/2021\/07\/Tour__Charente_Maritime_202112-2048x1536.jpg 2048w\" sizes=\"auto, (max-width: 1024px) 100vw, 1024px\" \/><figcaption class=\"blocks-gallery-item__caption\">Les v\u00e9los fleuris<\/figcaption><\/figure><\/li><li class=\"blocks-gallery-item\"><figure><img loading=\"lazy\" decoding=\"async\" width=\"1024\" height=\"768\" src=\"https:\/\/jarnac-champagne.fr\/\/\/wp-content\/uploads\/2021\/07\/Tour__Charente_Maritime_202111-1024x768.jpg\" alt=\"\" data-id=\"2100\" data-full-url=\"https:\/\/jarnac-champagne.fr\/\/\/wp-content\/uploads\/2021\/07\/Tour__Charente_Maritime_202111-scaled.jpg\" data-link=\"https:\/\/jarnac-champagne.fr\/\/\/tour__charente_maritime_202111\/\" class=\"wp-image-2100\" srcset=\"https:\/\/jarnac-champagne.fr\/wp-content\/uploads\/2021\/07\/Tour__Charente_Maritime_202111-1024x768.jpg 1024w, https:\/\/jarnac-champagne.fr\/wp-content\/uploads\/2021\/07\/Tour__Charente_Maritime_202111-300x225.jpg 300w, https:\/\/jarnac-champagne.fr\/wp-content\/uploads\/2021\/07\/Tour__Charente_Maritime_202111-768x576.jpg 768w, https:\/\/jarnac-champagne.fr\/wp-content\/uploads\/2021\/07\/Tour__Charente_Maritime_202111-1536x1152.jpg 1536w, https:\/\/jarnac-champagne.fr\/wp-content\/uploads\/2021\/07\/Tour__Charente_Maritime_202111-2048x1536.jpg 2048w\" sizes=\"auto, (max-width: 1024px) 100vw, 1024px\" \/><figcaption class=\"blocks-gallery-item__caption\">Les v\u00e9los fleuris<\/figcaption><\/figure><\/li><li class=\"blocks-gallery-item\"><figure><img loading=\"lazy\" decoding=\"async\" width=\"1024\" height=\"768\" src=\"https:\/\/jarnac-champagne.fr\/\/\/wp-content\/uploads\/2021\/07\/Tour__Charente_Maritime_202194-1024x768.jpg\" alt=\"\" data-id=\"2115\" data-full-url=\"https:\/\/jarnac-champagne.fr\/\/\/wp-content\/uploads\/2021\/07\/Tour__Charente_Maritime_202194-scaled.jpg\" data-link=\"https:\/\/jarnac-champagne.fr\/\/\/tour__charente_maritime_202194\/\" class=\"wp-image-2115\" srcset=\"https:\/\/jarnac-champagne.fr\/wp-content\/uploads\/2021\/07\/Tour__Charente_Maritime_202194-1024x768.jpg 1024w, https:\/\/jarnac-champagne.fr\/wp-content\/uploads\/2021\/07\/Tour__Charente_Maritime_202194-300x225.jpg 300w, https:\/\/jarnac-champagne.fr\/wp-content\/uploads\/2021\/07\/Tour__Charente_Maritime_202194-768x576.jpg 768w, https:\/\/jarnac-champagne.fr\/wp-content\/uploads\/2021\/07\/Tour__Charente_Maritime_202194-1536x1152.jpg 1536w, https:\/\/jarnac-champagne.fr\/wp-content\/uploads\/2021\/07\/Tour__Charente_Maritime_202194-2048x1536.jpg 2048w\" sizes=\"auto, (max-width: 1024px) 100vw, 1024px\" \/><\/figure><\/li><li class=\"blocks-gallery-item\"><figure><img loading=\"lazy\" decoding=\"async\" width=\"1024\" height=\"768\" src=\"https:\/\/jarnac-champagne.fr\/\/\/wp-content\/uploads\/2021\/07\/Tour__Charente_Maritime_202164-1024x768.jpg\" alt=\"\" data-id=\"2110\" data-full-url=\"https:\/\/jarnac-champagne.fr\/\/\/wp-content\/uploads\/2021\/07\/Tour__Charente_Maritime_202164-scaled.jpg\" data-link=\"https:\/\/jarnac-champagne.fr\/\/\/tour__charente_maritime_202164\/\" class=\"wp-image-2110\" srcset=\"https:\/\/jarnac-champagne.fr\/wp-content\/uploads\/2021\/07\/Tour__Charente_Maritime_202164-1024x768.jpg 1024w, https:\/\/jarnac-champagne.fr\/wp-content\/uploads\/2021\/07\/Tour__Charente_Maritime_202164-300x225.jpg 300w, https:\/\/jarnac-champagne.fr\/wp-content\/uploads\/2021\/07\/Tour__Charente_Maritime_202164-768x576.jpg 768w, https:\/\/jarnac-champagne.fr\/wp-content\/uploads\/2021\/07\/Tour__Charente_Maritime_202164-1536x1152.jpg 1536w, https:\/\/jarnac-champagne.fr\/wp-content\/uploads\/2021\/07\/Tour__Charente_Maritime_202164-2048x1536.jpg 2048w\" sizes=\"auto, (max-width: 1024px) 100vw, 1024px\" \/><\/figure><\/li><li class=\"blocks-gallery-item\"><figure><img loading=\"lazy\" decoding=\"async\" width=\"1024\" height=\"768\" src=\"https:\/\/jarnac-champagne.fr\/\/\/wp-content\/uploads\/2021\/07\/Tour__Charente_Maritime_202187-1024x768.jpg\" alt=\"\" data-id=\"2114\" data-full-url=\"https:\/\/jarnac-champagne.fr\/\/\/wp-content\/uploads\/2021\/07\/Tour__Charente_Maritime_202187-scaled.jpg\" data-link=\"https:\/\/jarnac-champagne.fr\/\/\/tour__charente_maritime_202187\/\" class=\"wp-image-2114\" srcset=\"https:\/\/jarnac-champagne.fr\/wp-content\/uploads\/2021\/07\/Tour__Charente_Maritime_202187-1024x768.jpg 1024w, https:\/\/jarnac-champagne.fr\/wp-content\/uploads\/2021\/07\/Tour__Charente_Maritime_202187-300x225.jpg 300w, https:\/\/jarnac-champagne.fr\/wp-content\/uploads\/2021\/07\/Tour__Charente_Maritime_202187-768x576.jpg 768w, https:\/\/jarnac-champagne.fr\/wp-content\/uploads\/2021\/07\/Tour__Charente_Maritime_202187-1536x1152.jpg 1536w, https:\/\/jarnac-champagne.fr\/wp-content\/uploads\/2021\/07\/Tour__Charente_Maritime_202187-2048x1536.jpg 2048w\" sizes=\"auto, (max-width: 1024px) 100vw, 1024px\" \/><\/figure><\/li><li class=\"blocks-gallery-item\"><figure><img loading=\"lazy\" decoding=\"async\" width=\"1024\" height=\"768\" src=\"https:\/\/jarnac-champagne.fr\/\/\/wp-content\/uploads\/2021\/07\/Tour__Charente_Maritime_202183-1024x768.jpg\" alt=\"\" data-id=\"2113\" data-full-url=\"https:\/\/jarnac-champagne.fr\/\/\/wp-content\/uploads\/2021\/07\/Tour__Charente_Maritime_202183-scaled.jpg\" data-link=\"https:\/\/jarnac-champagne.fr\/\/\/tour__charente_maritime_202183\/\" class=\"wp-image-2113\" srcset=\"https:\/\/jarnac-champagne.fr\/wp-content\/uploads\/2021\/07\/Tour__Charente_Maritime_202183-1024x768.jpg 1024w, https:\/\/jarnac-champagne.fr\/wp-content\/uploads\/2021\/07\/Tour__Charente_Maritime_202183-300x225.jpg 300w, https:\/\/jarnac-champagne.fr\/wp-content\/uploads\/2021\/07\/Tour__Charente_Maritime_202183-768x576.jpg 768w, https:\/\/jarnac-champagne.fr\/wp-content\/uploads\/2021\/07\/Tour__Charente_Maritime_202183-1536x1152.jpg 1536w, https:\/\/jarnac-champagne.fr\/wp-content\/uploads\/2021\/07\/Tour__Charente_Maritime_202183-2048x1536.jpg 2048w\" sizes=\"auto, (max-width: 1024px) 100vw, 1024px\" \/><figcaption class=\"blocks-gallery-item__caption\">Jacky Emon &#8211; Conseiller r\u00e9gional<\/figcaption><\/figure><\/li><li class=\"blocks-gallery-item\"><figure><img loading=\"lazy\" decoding=\"async\" width=\"1024\" height=\"768\" src=\"https:\/\/jarnac-champagne.fr\/\/\/wp-content\/uploads\/2021\/07\/Tour__Charente_Maritime_202177-1024x768.jpg\" alt=\"\" data-id=\"2112\" data-full-url=\"https:\/\/jarnac-champagne.fr\/\/\/wp-content\/uploads\/2021\/07\/Tour__Charente_Maritime_202177-scaled.jpg\" data-link=\"https:\/\/jarnac-champagne.fr\/\/\/tour__charente_maritime_202177\/\" class=\"wp-image-2112\" srcset=\"https:\/\/jarnac-champagne.fr\/wp-content\/uploads\/2021\/07\/Tour__Charente_Maritime_202177-1024x768.jpg 1024w, https:\/\/jarnac-champagne.fr\/wp-content\/uploads\/2021\/07\/Tour__Charente_Maritime_202177-300x225.jpg 300w, https:\/\/jarnac-champagne.fr\/wp-content\/uploads\/2021\/07\/Tour__Charente_Maritime_202177-768x576.jpg 768w, https:\/\/jarnac-champagne.fr\/wp-content\/uploads\/2021\/07\/Tour__Charente_Maritime_202177-1536x1152.jpg 1536w, https:\/\/jarnac-champagne.fr\/wp-content\/uploads\/2021\/07\/Tour__Charente_Maritime_202177-2048x1536.jpg 2048w\" sizes=\"auto, (max-width: 1024px) 100vw, 1024px\" \/><\/figure><\/li><li class=\"blocks-gallery-item\"><figure><img loading=\"lazy\" decoding=\"async\" width=\"1024\" height=\"768\" src=\"https:\/\/jarnac-champagne.fr\/\/\/wp-content\/uploads\/2021\/07\/Tour__Charente_Maritime_202175-1024x768.jpg\" alt=\"\" data-id=\"2111\" data-full-url=\"https:\/\/jarnac-champagne.fr\/\/\/wp-content\/uploads\/2021\/07\/Tour__Charente_Maritime_202175-scaled.jpg\" data-link=\"https:\/\/jarnac-champagne.fr\/\/\/tour__charente_maritime_202175\/\" class=\"wp-image-2111\" srcset=\"https:\/\/jarnac-champagne.fr\/wp-content\/uploads\/2021\/07\/Tour__Charente_Maritime_202175-1024x768.jpg 1024w, https:\/\/jarnac-champagne.fr\/wp-content\/uploads\/2021\/07\/Tour__Charente_Maritime_202175-300x225.jpg 300w, https:\/\/jarnac-champagne.fr\/wp-content\/uploads\/2021\/07\/Tour__Charente_Maritime_202175-768x576.jpg 768w, https:\/\/jarnac-champagne.fr\/wp-content\/uploads\/2021\/07\/Tour__Charente_Maritime_202175-1536x1152.jpg 1536w, https:\/\/jarnac-champagne.fr\/wp-content\/uploads\/2021\/07\/Tour__Charente_Maritime_202175-2048x1536.jpg 2048w\" sizes=\"auto, (max-width: 1024px) 100vw, 1024px\" \/><\/figure><\/li><li class=\"blocks-gallery-item\"><figure><img loading=\"lazy\" decoding=\"async\" width=\"1024\" height=\"768\" src=\"https:\/\/jarnac-champagne.fr\/\/\/wp-content\/uploads\/2021\/07\/Tour__Charente_Maritime_202160-1024x768.jpg\" alt=\"\" data-id=\"2109\" data-full-url=\"https:\/\/jarnac-champagne.fr\/\/\/wp-content\/uploads\/2021\/07\/Tour__Charente_Maritime_202160-scaled.jpg\" data-link=\"https:\/\/jarnac-champagne.fr\/\/\/tour__charente_maritime_202160\/\" class=\"wp-image-2109\" srcset=\"https:\/\/jarnac-champagne.fr\/wp-content\/uploads\/2021\/07\/Tour__Charente_Maritime_202160-1024x768.jpg 1024w, https:\/\/jarnac-champagne.fr\/wp-content\/uploads\/2021\/07\/Tour__Charente_Maritime_202160-300x225.jpg 300w, https:\/\/jarnac-champagne.fr\/wp-content\/uploads\/2021\/07\/Tour__Charente_Maritime_202160-768x576.jpg 768w, https:\/\/jarnac-champagne.fr\/wp-content\/uploads\/2021\/07\/Tour__Charente_Maritime_202160-1536x1152.jpg 1536w, https:\/\/jarnac-champagne.fr\/wp-content\/uploads\/2021\/07\/Tour__Charente_Maritime_202160-2048x1536.jpg 2048w\" sizes=\"auto, (max-width: 1024px) 100vw, 1024px\" \/><\/figure><\/li><li class=\"blocks-gallery-item\"><figure><img loading=\"lazy\" decoding=\"async\" width=\"1024\" height=\"768\" src=\"https:\/\/jarnac-champagne.fr\/\/\/wp-content\/uploads\/2021\/07\/Tour__Charente_Maritime_202159-1024x768.jpg\" alt=\"\" data-id=\"2108\" data-full-url=\"https:\/\/jarnac-champagne.fr\/\/\/wp-content\/uploads\/2021\/07\/Tour__Charente_Maritime_202159-scaled.jpg\" data-link=\"https:\/\/jarnac-champagne.fr\/\/\/tour__charente_maritime_202159\/\" class=\"wp-image-2108\" srcset=\"https:\/\/jarnac-champagne.fr\/wp-content\/uploads\/2021\/07\/Tour__Charente_Maritime_202159-1024x768.jpg 1024w, https:\/\/jarnac-champagne.fr\/wp-content\/uploads\/2021\/07\/Tour__Charente_Maritime_202159-300x225.jpg 300w, https:\/\/jarnac-champagne.fr\/wp-content\/uploads\/2021\/07\/Tour__Charente_Maritime_202159-768x576.jpg 768w, https:\/\/jarnac-champagne.fr\/wp-content\/uploads\/2021\/07\/Tour__Charente_Maritime_202159-1536x1152.jpg 1536w, https:\/\/jarnac-champagne.fr\/wp-content\/uploads\/2021\/07\/Tour__Charente_Maritime_202159-2048x1536.jpg 2048w\" sizes=\"auto, (max-width: 1024px) 100vw, 1024px\" \/><\/figure><\/li><li class=\"blocks-gallery-item\"><figure><img loading=\"lazy\" decoding=\"async\" width=\"1024\" height=\"768\" src=\"https:\/\/jarnac-champagne.fr\/\/\/wp-content\/uploads\/2021\/07\/Tour__Charente_Maritime_202118-1024x768.jpg\" alt=\"\" data-id=\"2107\" data-full-url=\"https:\/\/jarnac-champagne.fr\/\/\/wp-content\/uploads\/2021\/07\/Tour__Charente_Maritime_202118-scaled.jpg\" data-link=\"https:\/\/jarnac-champagne.fr\/\/\/tour__charente_maritime_202118\/\" class=\"wp-image-2107\" srcset=\"https:\/\/jarnac-champagne.fr\/wp-content\/uploads\/2021\/07\/Tour__Charente_Maritime_202118-1024x768.jpg 1024w, https:\/\/jarnac-champagne.fr\/wp-content\/uploads\/2021\/07\/Tour__Charente_Maritime_202118-300x225.jpg 300w, https:\/\/jarnac-champagne.fr\/wp-content\/uploads\/2021\/07\/Tour__Charente_Maritime_202118-768x576.jpg 768w, https:\/\/jarnac-champagne.fr\/wp-content\/uploads\/2021\/07\/Tour__Charente_Maritime_202118-1536x1152.jpg 1536w, https:\/\/jarnac-champagne.fr\/wp-content\/uploads\/2021\/07\/Tour__Charente_Maritime_202118-2048x1536.jpg 2048w\" sizes=\"auto, (max-width: 1024px) 100vw, 1024px\" \/><figcaption class=\"blocks-gallery-item__caption\">Les v\u00e9los fleuris<\/figcaption><\/figure><\/li><li class=\"blocks-gallery-item\"><figure><img loading=\"lazy\" decoding=\"async\" width=\"768\" height=\"1024\" src=\"https:\/\/jarnac-champagne.fr\/\/\/wp-content\/uploads\/2021\/07\/Tour__Charente_Maritime_202117-768x1024.jpg\" alt=\"\" data-id=\"2106\" data-full-url=\"https:\/\/jarnac-champagne.fr\/\/\/wp-content\/uploads\/2021\/07\/Tour__Charente_Maritime_202117-scaled.jpg\" data-link=\"https:\/\/jarnac-champagne.fr\/\/\/tour__charente_maritime_202117\/\" class=\"wp-image-2106\" srcset=\"https:\/\/jarnac-champagne.fr\/wp-content\/uploads\/2021\/07\/Tour__Charente_Maritime_202117-768x1024.jpg 768w, https:\/\/jarnac-champagne.fr\/wp-content\/uploads\/2021\/07\/Tour__Charente_Maritime_202117-225x300.jpg 225w, https:\/\/jarnac-champagne.fr\/wp-content\/uploads\/2021\/07\/Tour__Charente_Maritime_202117-1152x1536.jpg 1152w, https:\/\/jarnac-champagne.fr\/wp-content\/uploads\/2021\/07\/Tour__Charente_Maritime_202117-1536x2048.jpg 1536w, https:\/\/jarnac-champagne.fr\/wp-content\/uploads\/2021\/07\/Tour__Charente_Maritime_202117-scaled.jpg 1920w\" sizes=\"auto, (max-width: 768px) 100vw, 768px\" \/><figcaption class=\"blocks-gallery-item__caption\">Les v\u00e9los fleuris<\/figcaption><\/figure><\/li><li class=\"blocks-gallery-item\"><figure><img loading=\"lazy\" decoding=\"async\" width=\"1024\" height=\"768\" src=\"https:\/\/jarnac-champagne.fr\/\/\/wp-content\/uploads\/2021\/07\/Tour__Charente_Maritime_2021159-1024x768.jpg\" alt=\"\" data-id=\"2130\" data-full-url=\"https:\/\/jarnac-champagne.fr\/\/\/wp-content\/uploads\/2021\/07\/Tour__Charente_Maritime_2021159-scaled.jpg\" data-link=\"https:\/\/jarnac-champagne.fr\/\/\/tour__charente_maritime_2021159\/\" class=\"wp-image-2130\" srcset=\"https:\/\/jarnac-champagne.fr\/wp-content\/uploads\/2021\/07\/Tour__Charente_Maritime_2021159-1024x768.jpg 1024w, https:\/\/jarnac-champagne.fr\/wp-content\/uploads\/2021\/07\/Tour__Charente_Maritime_2021159-300x225.jpg 300w, https:\/\/jarnac-champagne.fr\/wp-content\/uploads\/2021\/07\/Tour__Charente_Maritime_2021159-768x576.jpg 768w, https:\/\/jarnac-champagne.fr\/wp-content\/uploads\/2021\/07\/Tour__Charente_Maritime_2021159-1536x1152.jpg 1536w, https:\/\/jarnac-champagne.fr\/wp-content\/uploads\/2021\/07\/Tour__Charente_Maritime_2021159-2048x1536.jpg 2048w\" sizes=\"auto, (max-width: 1024px) 100vw, 1024px\" \/><\/figure><\/li><li class=\"blocks-gallery-item\"><figure><img loading=\"lazy\" decoding=\"async\" width=\"1024\" height=\"768\" src=\"https:\/\/jarnac-champagne.fr\/\/\/wp-content\/uploads\/2021\/07\/Tour__Charente_Maritime_2021156-1024x768.jpg\" alt=\"\" data-id=\"2129\" data-full-url=\"https:\/\/jarnac-champagne.fr\/\/\/wp-content\/uploads\/2021\/07\/Tour__Charente_Maritime_2021156-scaled.jpg\" data-link=\"https:\/\/jarnac-champagne.fr\/\/\/tour__charente_maritime_2021156\/\" class=\"wp-image-2129\" srcset=\"https:\/\/jarnac-champagne.fr\/wp-content\/uploads\/2021\/07\/Tour__Charente_Maritime_2021156-1024x768.jpg 1024w, https:\/\/jarnac-champagne.fr\/wp-content\/uploads\/2021\/07\/Tour__Charente_Maritime_2021156-300x225.jpg 300w, https:\/\/jarnac-champagne.fr\/wp-content\/uploads\/2021\/07\/Tour__Charente_Maritime_2021156-768x576.jpg 768w, https:\/\/jarnac-champagne.fr\/wp-content\/uploads\/2021\/07\/Tour__Charente_Maritime_2021156-1536x1152.jpg 1536w, https:\/\/jarnac-champagne.fr\/wp-content\/uploads\/2021\/07\/Tour__Charente_Maritime_2021156-2048x1536.jpg 2048w\" sizes=\"auto, (max-width: 1024px) 100vw, 1024px\" \/><\/figure><\/li><li class=\"blocks-gallery-item\"><figure><img loading=\"lazy\" decoding=\"async\" width=\"1024\" height=\"768\" src=\"https:\/\/jarnac-champagne.fr\/\/\/wp-content\/uploads\/2021\/07\/Tour__Charente_Maritime_2021148-1024x768.jpg\" alt=\"\" data-id=\"2128\" data-full-url=\"https:\/\/jarnac-champagne.fr\/\/\/wp-content\/uploads\/2021\/07\/Tour__Charente_Maritime_2021148-scaled.jpg\" data-link=\"https:\/\/jarnac-champagne.fr\/\/\/tour__charente_maritime_2021148\/\" class=\"wp-image-2128\" srcset=\"https:\/\/jarnac-champagne.fr\/wp-content\/uploads\/2021\/07\/Tour__Charente_Maritime_2021148-1024x768.jpg 1024w, https:\/\/jarnac-champagne.fr\/wp-content\/uploads\/2021\/07\/Tour__Charente_Maritime_2021148-300x225.jpg 300w, https:\/\/jarnac-champagne.fr\/wp-content\/uploads\/2021\/07\/Tour__Charente_Maritime_2021148-768x576.jpg 768w, https:\/\/jarnac-champagne.fr\/wp-content\/uploads\/2021\/07\/Tour__Charente_Maritime_2021148-1536x1152.jpg 1536w, https:\/\/jarnac-champagne.fr\/wp-content\/uploads\/2021\/07\/Tour__Charente_Maritime_2021148-2048x1536.jpg 2048w\" sizes=\"auto, (max-width: 1024px) 100vw, 1024px\" \/><\/figure><\/li><li class=\"blocks-gallery-item\"><figure><img loading=\"lazy\" decoding=\"async\" width=\"1024\" height=\"768\" src=\"https:\/\/jarnac-champagne.fr\/\/\/wp-content\/uploads\/2021\/07\/Tour__Charente_Maritime_2021147-1024x768.jpg\" alt=\"\" data-id=\"2127\" data-full-url=\"https:\/\/jarnac-champagne.fr\/\/\/wp-content\/uploads\/2021\/07\/Tour__Charente_Maritime_2021147-scaled.jpg\" data-link=\"https:\/\/jarnac-champagne.fr\/\/\/tour__charente_maritime_2021147\/\" class=\"wp-image-2127\" srcset=\"https:\/\/jarnac-champagne.fr\/wp-content\/uploads\/2021\/07\/Tour__Charente_Maritime_2021147-1024x768.jpg 1024w, https:\/\/jarnac-champagne.fr\/wp-content\/uploads\/2021\/07\/Tour__Charente_Maritime_2021147-300x225.jpg 300w, https:\/\/jarnac-champagne.fr\/wp-content\/uploads\/2021\/07\/Tour__Charente_Maritime_2021147-768x576.jpg 768w, https:\/\/jarnac-champagne.fr\/wp-content\/uploads\/2021\/07\/Tour__Charente_Maritime_2021147-1536x1152.jpg 1536w, https:\/\/jarnac-champagne.fr\/wp-content\/uploads\/2021\/07\/Tour__Charente_Maritime_2021147-2048x1536.jpg 2048w\" sizes=\"auto, (max-width: 1024px) 100vw, 1024px\" \/><\/figure><\/li><li class=\"blocks-gallery-item\"><figure><img loading=\"lazy\" decoding=\"async\" width=\"1024\" height=\"768\" src=\"https:\/\/jarnac-champagne.fr\/\/\/wp-content\/uploads\/2021\/07\/Tour__Charente_Maritime_2021145-1024x768.jpg\" alt=\"\" data-id=\"2126\" data-full-url=\"https:\/\/jarnac-champagne.fr\/\/\/wp-content\/uploads\/2021\/07\/Tour__Charente_Maritime_2021145-scaled.jpg\" data-link=\"https:\/\/jarnac-champagne.fr\/\/\/tour__charente_maritime_2021145\/\" class=\"wp-image-2126\" srcset=\"https:\/\/jarnac-champagne.fr\/wp-content\/uploads\/2021\/07\/Tour__Charente_Maritime_2021145-1024x768.jpg 1024w, https:\/\/jarnac-champagne.fr\/wp-content\/uploads\/2021\/07\/Tour__Charente_Maritime_2021145-300x225.jpg 300w, https:\/\/jarnac-champagne.fr\/wp-content\/uploads\/2021\/07\/Tour__Charente_Maritime_2021145-768x576.jpg 768w, https:\/\/jarnac-champagne.fr\/wp-content\/uploads\/2021\/07\/Tour__Charente_Maritime_2021145-1536x1152.jpg 1536w, https:\/\/jarnac-champagne.fr\/wp-content\/uploads\/2021\/07\/Tour__Charente_Maritime_2021145-2048x1536.jpg 2048w\" sizes=\"auto, (max-width: 1024px) 100vw, 1024px\" \/><\/figure><\/li><li class=\"blocks-gallery-item\"><figure><img loading=\"lazy\" decoding=\"async\" width=\"1024\" height=\"768\" src=\"https:\/\/jarnac-champagne.fr\/\/\/wp-content\/uploads\/2021\/07\/Tour__Charente_Maritime_2021140-1024x768.jpg\" alt=\"\" data-id=\"2125\" data-full-url=\"https:\/\/jarnac-champagne.fr\/\/\/wp-content\/uploads\/2021\/07\/Tour__Charente_Maritime_2021140-scaled.jpg\" data-link=\"https:\/\/jarnac-champagne.fr\/\/\/tour__charente_maritime_2021140\/\" class=\"wp-image-2125\" srcset=\"https:\/\/jarnac-champagne.fr\/wp-content\/uploads\/2021\/07\/Tour__Charente_Maritime_2021140-1024x768.jpg 1024w, https:\/\/jarnac-champagne.fr\/wp-content\/uploads\/2021\/07\/Tour__Charente_Maritime_2021140-300x225.jpg 300w, https:\/\/jarnac-champagne.fr\/wp-content\/uploads\/2021\/07\/Tour__Charente_Maritime_2021140-768x576.jpg 768w, https:\/\/jarnac-champagne.fr\/wp-content\/uploads\/2021\/07\/Tour__Charente_Maritime_2021140-1536x1152.jpg 1536w, https:\/\/jarnac-champagne.fr\/wp-content\/uploads\/2021\/07\/Tour__Charente_Maritime_2021140-2048x1536.jpg 2048w\" sizes=\"auto, (max-width: 1024px) 100vw, 1024px\" \/><\/figure><\/li><li class=\"blocks-gallery-item\"><figure><img loading=\"lazy\" decoding=\"async\" width=\"1024\" height=\"768\" src=\"https:\/\/jarnac-champagne.fr\/\/\/wp-content\/uploads\/2021\/07\/Tour__Charente_Maritime_2021135-1024x768.jpg\" alt=\"\" data-id=\"2124\" data-full-url=\"https:\/\/jarnac-champagne.fr\/\/\/wp-content\/uploads\/2021\/07\/Tour__Charente_Maritime_2021135-scaled.jpg\" data-link=\"https:\/\/jarnac-champagne.fr\/\/\/tour__charente_maritime_2021135\/\" class=\"wp-image-2124\" srcset=\"https:\/\/jarnac-champagne.fr\/wp-content\/uploads\/2021\/07\/Tour__Charente_Maritime_2021135-1024x768.jpg 1024w, https:\/\/jarnac-champagne.fr\/wp-content\/uploads\/2021\/07\/Tour__Charente_Maritime_2021135-300x225.jpg 300w, https:\/\/jarnac-champagne.fr\/wp-content\/uploads\/2021\/07\/Tour__Charente_Maritime_2021135-768x576.jpg 768w, https:\/\/jarnac-champagne.fr\/wp-content\/uploads\/2021\/07\/Tour__Charente_Maritime_2021135-1536x1152.jpg 1536w, https:\/\/jarnac-champagne.fr\/wp-content\/uploads\/2021\/07\/Tour__Charente_Maritime_2021135-2048x1536.jpg 2048w\" sizes=\"auto, (max-width: 1024px) 100vw, 1024px\" \/><\/figure><\/li><li class=\"blocks-gallery-item\"><figure><img loading=\"lazy\" decoding=\"async\" width=\"1024\" height=\"768\" src=\"https:\/\/jarnac-champagne.fr\/\/\/wp-content\/uploads\/2021\/07\/Tour__Charente_Maritime_2021129-1024x768.jpg\" alt=\"\" data-id=\"2123\" data-full-url=\"https:\/\/jarnac-champagne.fr\/\/\/wp-content\/uploads\/2021\/07\/Tour__Charente_Maritime_2021129-scaled.jpg\" data-link=\"https:\/\/jarnac-champagne.fr\/\/\/tour__charente_maritime_2021129\/\" class=\"wp-image-2123\" srcset=\"https:\/\/jarnac-champagne.fr\/wp-content\/uploads\/2021\/07\/Tour__Charente_Maritime_2021129-1024x768.jpg 1024w, https:\/\/jarnac-champagne.fr\/wp-content\/uploads\/2021\/07\/Tour__Charente_Maritime_2021129-300x225.jpg 300w, https:\/\/jarnac-champagne.fr\/wp-content\/uploads\/2021\/07\/Tour__Charente_Maritime_2021129-768x576.jpg 768w, https:\/\/jarnac-champagne.fr\/wp-content\/uploads\/2021\/07\/Tour__Charente_Maritime_2021129-1536x1152.jpg 1536w, https:\/\/jarnac-champagne.fr\/wp-content\/uploads\/2021\/07\/Tour__Charente_Maritime_2021129-2048x1536.jpg 2048w\" sizes=\"auto, (max-width: 1024px) 100vw, 1024px\" \/><\/figure><\/li><li class=\"blocks-gallery-item\"><figure><img loading=\"lazy\" decoding=\"async\" width=\"1024\" height=\"768\" src=\"https:\/\/jarnac-champagne.fr\/\/\/wp-content\/uploads\/2021\/07\/Tour__Charente_Maritime_2021128-1024x768.jpg\" alt=\"\" data-id=\"2122\" data-full-url=\"https:\/\/jarnac-champagne.fr\/\/\/wp-content\/uploads\/2021\/07\/Tour__Charente_Maritime_2021128-scaled.jpg\" data-link=\"https:\/\/jarnac-champagne.fr\/\/\/tour__charente_maritime_2021128\/\" class=\"wp-image-2122\" srcset=\"https:\/\/jarnac-champagne.fr\/wp-content\/uploads\/2021\/07\/Tour__Charente_Maritime_2021128-1024x768.jpg 1024w, https:\/\/jarnac-champagne.fr\/wp-content\/uploads\/2021\/07\/Tour__Charente_Maritime_2021128-300x225.jpg 300w, https:\/\/jarnac-champagne.fr\/wp-content\/uploads\/2021\/07\/Tour__Charente_Maritime_2021128-768x576.jpg 768w, https:\/\/jarnac-champagne.fr\/wp-content\/uploads\/2021\/07\/Tour__Charente_Maritime_2021128-1536x1152.jpg 1536w, https:\/\/jarnac-champagne.fr\/wp-content\/uploads\/2021\/07\/Tour__Charente_Maritime_2021128-2048x1536.jpg 2048w\" sizes=\"auto, (max-width: 1024px) 100vw, 1024px\" \/><\/figure><\/li><li class=\"blocks-gallery-item\"><figure><img loading=\"lazy\" decoding=\"async\" width=\"1024\" height=\"768\" src=\"https:\/\/jarnac-champagne.fr\/\/\/wp-content\/uploads\/2021\/07\/Tour__Charente_Maritime_2021127-1024x768.jpg\" alt=\"\" data-id=\"2121\" data-full-url=\"https:\/\/jarnac-champagne.fr\/\/\/wp-content\/uploads\/2021\/07\/Tour__Charente_Maritime_2021127-scaled.jpg\" data-link=\"https:\/\/jarnac-champagne.fr\/\/\/tour__charente_maritime_2021127\/\" class=\"wp-image-2121\" srcset=\"https:\/\/jarnac-champagne.fr\/wp-content\/uploads\/2021\/07\/Tour__Charente_Maritime_2021127-1024x768.jpg 1024w, https:\/\/jarnac-champagne.fr\/wp-content\/uploads\/2021\/07\/Tour__Charente_Maritime_2021127-300x225.jpg 300w, https:\/\/jarnac-champagne.fr\/wp-content\/uploads\/2021\/07\/Tour__Charente_Maritime_2021127-768x576.jpg 768w, https:\/\/jarnac-champagne.fr\/wp-content\/uploads\/2021\/07\/Tour__Charente_Maritime_2021127-1536x1152.jpg 1536w, https:\/\/jarnac-champagne.fr\/wp-content\/uploads\/2021\/07\/Tour__Charente_Maritime_2021127-2048x1536.jpg 2048w\" sizes=\"auto, (max-width: 1024px) 100vw, 1024px\" \/><\/figure><\/li><li class=\"blocks-gallery-item\"><figure><img loading=\"lazy\" decoding=\"async\" width=\"1024\" height=\"768\" src=\"https:\/\/jarnac-champagne.fr\/\/\/wp-content\/uploads\/2021\/07\/Tour__Charente_Maritime_2021126-1024x768.jpg\" alt=\"\" data-id=\"2120\" data-full-url=\"https:\/\/jarnac-champagne.fr\/\/\/wp-content\/uploads\/2021\/07\/Tour__Charente_Maritime_2021126-scaled.jpg\" data-link=\"https:\/\/jarnac-champagne.fr\/\/\/tour__charente_maritime_2021126\/\" class=\"wp-image-2120\" srcset=\"https:\/\/jarnac-champagne.fr\/wp-content\/uploads\/2021\/07\/Tour__Charente_Maritime_2021126-1024x768.jpg 1024w, https:\/\/jarnac-champagne.fr\/wp-content\/uploads\/2021\/07\/Tour__Charente_Maritime_2021126-300x225.jpg 300w, https:\/\/jarnac-champagne.fr\/wp-content\/uploads\/2021\/07\/Tour__Charente_Maritime_2021126-768x576.jpg 768w, https:\/\/jarnac-champagne.fr\/wp-content\/uploads\/2021\/07\/Tour__Charente_Maritime_2021126-1536x1152.jpg 1536w, https:\/\/jarnac-champagne.fr\/wp-content\/uploads\/2021\/07\/Tour__Charente_Maritime_2021126-2048x1536.jpg 2048w\" sizes=\"auto, (max-width: 1024px) 100vw, 1024px\" \/><\/figure><\/li><li class=\"blocks-gallery-item\"><figure><img loading=\"lazy\" decoding=\"async\" width=\"1024\" height=\"768\" src=\"https:\/\/jarnac-champagne.fr\/\/\/wp-content\/uploads\/2021\/07\/Tour__Charente_Maritime_2021125-1024x768.jpg\" alt=\"\" data-id=\"2119\" data-full-url=\"https:\/\/jarnac-champagne.fr\/\/\/wp-content\/uploads\/2021\/07\/Tour__Charente_Maritime_2021125-scaled.jpg\" data-link=\"https:\/\/jarnac-champagne.fr\/\/\/tour__charente_maritime_2021125\/\" class=\"wp-image-2119\" srcset=\"https:\/\/jarnac-champagne.fr\/wp-content\/uploads\/2021\/07\/Tour__Charente_Maritime_2021125-1024x768.jpg 1024w, https:\/\/jarnac-champagne.fr\/wp-content\/uploads\/2021\/07\/Tour__Charente_Maritime_2021125-300x225.jpg 300w, https:\/\/jarnac-champagne.fr\/wp-content\/uploads\/2021\/07\/Tour__Charente_Maritime_2021125-768x576.jpg 768w, https:\/\/jarnac-champagne.fr\/wp-content\/uploads\/2021\/07\/Tour__Charente_Maritime_2021125-1536x1152.jpg 1536w, https:\/\/jarnac-champagne.fr\/wp-content\/uploads\/2021\/07\/Tour__Charente_Maritime_2021125-2048x1536.jpg 2048w\" sizes=\"auto, (max-width: 1024px) 100vw, 1024px\" \/><\/figure><\/li><li class=\"blocks-gallery-item\"><figure><img loading=\"lazy\" decoding=\"async\" width=\"1024\" height=\"768\" src=\"https:\/\/jarnac-champagne.fr\/\/\/wp-content\/uploads\/2021\/07\/Tour__Charente_Maritime_2021107-1024x768.jpg\" alt=\"\" data-id=\"2117\" data-full-url=\"https:\/\/jarnac-champagne.fr\/\/\/wp-content\/uploads\/2021\/07\/Tour__Charente_Maritime_2021107-scaled.jpg\" data-link=\"https:\/\/jarnac-champagne.fr\/\/\/tour__charente_maritime_2021107\/\" class=\"wp-image-2117\" srcset=\"https:\/\/jarnac-champagne.fr\/wp-content\/uploads\/2021\/07\/Tour__Charente_Maritime_2021107-1024x768.jpg 1024w, https:\/\/jarnac-champagne.fr\/wp-content\/uploads\/2021\/07\/Tour__Charente_Maritime_2021107-300x225.jpg 300w, https:\/\/jarnac-champagne.fr\/wp-content\/uploads\/2021\/07\/Tour__Charente_Maritime_2021107-768x576.jpg 768w, https:\/\/jarnac-champagne.fr\/wp-content\/uploads\/2021\/07\/Tour__Charente_Maritime_2021107-1536x1152.jpg 1536w, https:\/\/jarnac-champagne.fr\/wp-content\/uploads\/2021\/07\/Tour__Charente_Maritime_2021107-2048x1536.jpg 2048w\" sizes=\"auto, (max-width: 1024px) 100vw, 1024px\" \/><\/figure><\/li><li class=\"blocks-gallery-item\"><figure><img loading=\"lazy\" decoding=\"async\" width=\"1024\" height=\"768\" src=\"https:\/\/jarnac-champagne.fr\/\/\/wp-content\/uploads\/2021\/07\/Tour__Charente_Maritime_2021102-1024x768.jpg\" alt=\"\" data-id=\"2116\" data-full-url=\"https:\/\/jarnac-champagne.fr\/\/\/wp-content\/uploads\/2021\/07\/Tour__Charente_Maritime_2021102-scaled.jpg\" data-link=\"https:\/\/jarnac-champagne.fr\/\/\/tour__charente_maritime_2021102\/\" class=\"wp-image-2116\" srcset=\"https:\/\/jarnac-champagne.fr\/wp-content\/uploads\/2021\/07\/Tour__Charente_Maritime_2021102-1024x768.jpg 1024w, https:\/\/jarnac-champagne.fr\/wp-content\/uploads\/2021\/07\/Tour__Charente_Maritime_2021102-300x225.jpg 300w, https:\/\/jarnac-champagne.fr\/wp-content\/uploads\/2021\/07\/Tour__Charente_Maritime_2021102-768x576.jpg 768w, https:\/\/jarnac-champagne.fr\/wp-content\/uploads\/2021\/07\/Tour__Charente_Maritime_2021102-1536x1152.jpg 1536w, https:\/\/jarnac-champagne.fr\/wp-content\/uploads\/2021\/07\/Tour__Charente_Maritime_2021102-2048x1536.jpg 2048w\" sizes=\"auto, (max-width: 1024px) 100vw, 1024px\" \/><\/figure><\/li><\/ul><\/figure>\n","protected":false},"excerpt":{"rendered":"<p>A d\u00e9faut de son puisque la course s&rsquo;est d\u00e9roul\u00e9e sans animation, ni commentaire, retour en images sur cette journ\u00e9e du<\/p>\n","protected":false},"author":1,"featured_media":0,"comment_status":"open","ping_status":"open","sticky":false,"template":"","format":"standard","meta":{"colormag_page_container_layout":"default_layout","colormag_page_sidebar_layout":"default_layout","footnotes":""},"categories":[1],"tags":[],"class_list":["post-2131","post","type-post","status-publish","format-standard","hentry","category-non-classe"],"_links":{"self":[{"href":"https:\/\/jarnac-champagne.fr\/index.php\/wp-json\/wp\/v2\/posts\/2131","targetHints":{"allow":["GET"]}}],"collection":[{"href":"https:\/\/jarnac-champagne.fr\/index.php\/wp-json\/wp\/v2\/posts"}],"about":[{"href":"https:\/\/jarnac-champagne.fr\/index.php\/wp-json\/wp\/v2\/types\/post"}],"author":[{"embeddable":true,"href":"https:\/\/jarnac-champagne.fr\/index.php\/wp-json\/wp\/v2\/users\/1"}],"replies":[{"embeddable":true,"href":"https:\/\/jarnac-champagne.fr\/index.php\/wp-json\/wp\/v2\/comments?post=2131"}],"version-history":[{"count":3,"href":"https:\/\/jarnac-champagne.fr\/index.php\/wp-json\/wp\/v2\/posts\/2131\/revisions"}],"predecessor-version":[{"id":2137,"href":"https:\/\/jarnac-champagne.fr\/index.php\/wp-json\/wp\/v2\/posts\/2131\/revisions\/2137"}],"wp:attachment":[{"href":"https:\/\/jarnac-champagne.fr\/index.php\/wp-json\/wp\/v2\/media?parent=2131"}],"wp:term":[{"taxonomy":"category","embeddable":true,"href":"https:\/\/jarnac-champagne.fr\/index.php\/wp-json\/wp\/v2\/categories?post=2131"},{"taxonomy":"post_tag","embeddable":true,"href":"https:\/\/jarnac-champagne.fr\/index.php\/wp-json\/wp\/v2\/tags?post=2131"}],"curies":[{"name":"wp","href":"https:\/\/api.w.org\/{rel}","templated":true}]}}