{"id":2147,"date":"2021-08-01T22:34:43","date_gmt":"2021-08-01T20:34:43","guid":{"rendered":"https:\/\/jarnac-champagne.fr\/\/\/?p=2147"},"modified":"2021-08-01T22:55:51","modified_gmt":"2021-08-01T20:55:51","slug":"concert-les-eurochestries-a-jarnac-champagne","status":"publish","type":"post","link":"https:\/\/jarnac-champagne.fr\/index.php\/2021\/08\/01\/concert-les-eurochestries-a-jarnac-champagne\/","title":{"rendered":"Concert : Les Eurochestries \u00e0 Jarnac-Champagne"},"content":{"rendered":"\n<p>Comme chaque ann\u00e9e, nous avons le plaisir d&rsquo;accueillir un concert dans le cadre des Eurochestries. La biblioth\u00e8que \u00ab\u00a0Les Amis du Livre\u00a0\u00bb prend en charge cet \u00e9v\u00e9nement. Merci \u00e0 nos b\u00e9n\u00e9voles.<\/p>\n\n\n\n<p>Cette ann\u00e9e, c&rsquo;est un quatuor de saxophones compos\u00e9 de 4 jeunes espagnols qui feront vibrer nos oreilles le<strong><span class=\"has-inline-color has-vivid-purple-color\"> JEUDI 05 AOUT \u00e0 l&rsquo;\u00e9glise.<\/span><\/strong><\/p>\n\n\n\n<p>On vous attend nombreux ! Plus que jamais, il est important de soutenir les associations et promouvoir la musique, l&rsquo;art et la culture en milieu rural.<\/p>\n\n\n\n<p>Vous pouvez r\u00e9server vos places en ligne directement sur Hello Asso : <a href=\"https:\/\/www.helloasso.com\/associations\/eurochestries-charente-maritime\/evenements\/jarnac-champagne-quatuor-de-saxophones-alea\">https:\/\/www.helloasso.com\/associations\/eurochestries-charente-maritime\/evenements\/jarnac-champagne-quatuor-de-saxophones-alea<\/a><\/p>\n\n\n<a href=\"https:\/\/jarnac-champagne.fr\/\/\/wp-content\/uploads\/2021\/08\/Quatuor_Saxo_Alea_Jarnac_Champagne_Affiche_A3.pdf\" class=\"pdfemb-viewer\" style=\"\" data-width=\"max\" data-height=\"max\" data-toolbar=\"bottom\" data-toolbar-fixed=\"off\">Quatuor_Saxo_Alea_Jarnac_Champagne_Affiche_A3<\/a>\n<p class=\"wp-block-pdfemb-pdf-embedder-viewer\"><\/p>\n\n\n<a href=\"https:\/\/jarnac-champagne.fr\/\/\/wp-content\/uploads\/2021\/08\/Fiche-de-pre\u0301sentation-Ville-Quatuor-de-Saxophones.pdf\" class=\"pdfemb-viewer\" style=\"\" data-width=\"max\" data-height=\"max\" data-toolbar=\"bottom\" data-toolbar-fixed=\"off\">Fiche-de-pre\u0301sentation-Ville-Quatuor-de-Saxophones<\/a>\n<p class=\"wp-block-pdfemb-pdf-embedder-viewer\"><\/p>\n\n\n\n<p>Pensez \u00e0 cliquer sur la petite fl\u00e8che pour faire d\u00e9filer la 2\u00e8me page du PDF.<\/p>\n","protected":false},"excerpt":{"rendered":"<p>Comme chaque ann\u00e9e, nous avons le plaisir d&rsquo;accueillir un concert dans le cadre des Eurochestries. La biblioth\u00e8que \u00ab\u00a0Les Amis du<\/p>\n","protected":false},"author":1,"featured_media":105,"comment_status":"open","ping_status":"open","sticky":false,"template":"","format":"standard","meta":{"colormag_page_container_layout":"default_layout","colormag_page_sidebar_layout":"default_layout","footnotes":""},"categories":[3,4],"tags":[],"class_list":["post-2147","post","type-post","status-publish","format-standard","has-post-thumbnail","hentry","category-bibliotheque","category-infos-mairie"],"_links":{"self":[{"href":"https:\/\/jarnac-champagne.fr\/index.php\/wp-json\/wp\/v2\/posts\/2147","targetHints":{"allow":["GET"]}}],"collection":[{"href":"https:\/\/jarnac-champagne.fr\/index.php\/wp-json\/wp\/v2\/posts"}],"about":[{"href":"https:\/\/jarnac-champagne.fr\/index.php\/wp-json\/wp\/v2\/types\/post"}],"author":[{"embeddable":true,"href":"https:\/\/jarnac-champagne.fr\/index.php\/wp-json\/wp\/v2\/users\/1"}],"replies":[{"embeddable":true,"href":"https:\/\/jarnac-champagne.fr\/index.php\/wp-json\/wp\/v2\/comments?post=2147"}],"version-history":[{"count":3,"href":"https:\/\/jarnac-champagne.fr\/index.php\/wp-json\/wp\/v2\/posts\/2147\/revisions"}],"predecessor-version":[{"id":2154,"href":"https:\/\/jarnac-champagne.fr\/index.php\/wp-json\/wp\/v2\/posts\/2147\/revisions\/2154"}],"wp:featuredmedia":[{"embeddable":true,"href":"https:\/\/jarnac-champagne.fr\/index.php\/wp-json\/wp\/v2\/media\/105"}],"wp:attachment":[{"href":"https:\/\/jarnac-champagne.fr\/index.php\/wp-json\/wp\/v2\/media?parent=2147"}],"wp:term":[{"taxonomy":"category","embeddable":true,"href":"https:\/\/jarnac-champagne.fr\/index.php\/wp-json\/wp\/v2\/categories?post=2147"},{"taxonomy":"post_tag","embeddable":true,"href":"https:\/\/jarnac-champagne.fr\/index.php\/wp-json\/wp\/v2\/tags?post=2147"}],"curies":[{"name":"wp","href":"https:\/\/api.w.org\/{rel}","templated":true}]}}