{"id":215,"date":"2020-03-25T11:58:13","date_gmt":"2020-03-25T10:58:13","guid":{"rendered":"https:\/\/jarnac-champagne.fr\/\/\/?p=215"},"modified":"2020-03-25T11:58:14","modified_gmt":"2020-03-25T10:58:14","slug":"attestation-derogatoire-de-deplacement","status":"publish","type":"post","link":"https:\/\/jarnac-champagne.fr\/index.php\/2020\/03\/25\/attestation-derogatoire-de-deplacement\/","title":{"rendered":"Attestation d\u00e9rogatoire de d\u00e9placement"},"content":{"rendered":"\n<p>ATTENTION, \u00e0 compter de ce jour, une nouvelle attestation est \u00e0 utiliser pour vos d\u00e9placements \u00e0 titre exceptionnel. <\/p>\n\n\n\n<p><strong>Nous mettons \u00e0 disposition dans vos commerces de proximit\u00e9 quelques copies pour les personnes non \u00e9quip\u00e9es en mat\u00e9riel informatique. Nous comptons sur le civisme de chacun pour les r\u00e9server \u00e0 ces personnes.<\/strong><\/p>\n\n\n\n<p>Le meilleur conseil \u00e0 vous donner est de <strong>RESTER CHEZ VOUS !<\/strong><\/p>\n\n\n\n<p>En application de l\u2019\u00e9tat d\u2019urgence sanitaire, les d\u00e9placements sont interdits sauf dans les cas suivants et uniquement \u00e0 condition d&rsquo;\u00eatre munis d&rsquo;une attestation pour :<\/p>\n\n\n\n<ul class=\"wp-block-list\"><li>D\u00e9placements entre le domicile et le lieu d\u2019exercice de l\u2019activit\u00e9 professionnelle, lorsqu\u2019ils sont indispensables \u00e0 l\u2019exercice d\u2019activit\u00e9s ne pouvant \u00eatre organis\u00e9es sous forme de t\u00e9l\u00e9travail ou d\u00e9placements professionnels ne pouvant \u00eatre diff\u00e9r\u00e9s.<\/li><li>D\u00e9placements pour effectuer des achats de fournitures n\u00e9cessaires \u00e0 l\u2019activit\u00e9 professionnelle et des achats de premi\u00e8re n\u00e9cessit\u00e9[1] dans des \u00e9tablissements dont les activit\u00e9s demeurent autoris\u00e9es.<\/li><li>Consultations et soins ne pouvant \u00eatre assur\u00e9s \u00e0 distance et ne pouvant \u00eatre diff\u00e9r\u00e9s&nbsp; ; soin des patients atteints d&rsquo;une affection de longue dur\u00e9e.<\/li><li>D\u00e9placements pour motif familial imp\u00e9rieux, pour l\u2019assistance aux personnes vuln\u00e9rables ou la garde d\u2019enfants.<\/li><li>D\u00e9placements brefs, dans la limite d&rsquo;une heure quotidienne et dans un rayon maximal d&rsquo;un kilom\u00e8tre autour du domicile, li\u00e9s soit \u00e0 l&rsquo;activit\u00e9 physique individuelle des personnes, \u00e0 l&rsquo;exclusion de toute pratique sportive collective et de toute proximit\u00e9 avec d&rsquo;autres personnes, soit \u00e0 la promenade avec les seules personnes regroup\u00e9es dans un m\u00eame domicile, soit aux besoins des animaux de compagnie.<\/li><li>Convocation judiciaire ou administrative.<\/li><li>Participation \u00e0 des missions d\u2019int\u00e9r\u00eat g\u00e9n\u00e9ral sur demande de l\u2019autorit\u00e9 administrative<\/li><\/ul>\n\n\n\n<p>[1] Y compris les acquisitions \u00e0 titre gratuit (distribution de denr\u00e9es alimentaires\u2026) et les d\u00e9placements li\u00e9s \u00e0 la perception de prestations sociales et au retrait d\u2019esp\u00e8ce<\/p>\n\n\n\n<p>Ci-dessous le lien de t\u00e9l\u00e9chargement :<\/p>\n\n\n\n<p><a href=\"https:\/\/www.gouvernement.fr\/info-coronavirus\">https:\/\/www.gouvernement.fr\/info-coronavirus<\/a><\/p>\n\n\n\n<p><strong>Attestation de d\u00e9placement individuel<\/strong> \u00e0 imprimer <strong>ou \u00e0 reproduire sur papier libre. Elle doit \u00eatre remplie pour chaque d\u00e9placement non professionnel<\/strong>.<\/p>\n\n\n<a href=\"https:\/\/jarnac-champagne.fr\/\/\/wp-content\/uploads\/2020\/03\/attestation-deplacement-fr-20200324.pdf\" class=\"pdfemb-viewer\" style=\"\" data-width=\"max\" data-height=\"max\" data-toolbar=\"bottom\" data-toolbar-fixed=\"off\">attestation-deplacement-fr-20200324<\/a>\n<p class=\"wp-block-pdfemb-pdf-embedder-viewer\"><\/p>\n\n\n\n<p><strong>Attestation de l&#8217;employeur<\/strong> : <strong>Elle est valable pendant toute la dur\u00e9e des mesures de confinement et n\u2019a donc pas \u00e0 \u00eatre renouvel\u00e9e tous les jours.<\/strong><\/p>\n\n\n<a href=\"https:\/\/jarnac-champagne.fr\/\/\/wp-content\/uploads\/2020\/03\/justificatif-deplacement-professionnel-fr.pdf\" class=\"pdfemb-viewer\" style=\"\" data-width=\"max\" data-height=\"max\" data-toolbar=\"bottom\" data-toolbar-fixed=\"off\">justificatif-deplacement-professionnel-fr<\/a>\n<p class=\"wp-block-pdfemb-pdf-embedder-viewer\"><\/p>\n","protected":false},"excerpt":{"rendered":"<p>ATTENTION, \u00e0 compter de ce jour, une nouvelle attestation est \u00e0 utiliser pour vos d\u00e9placements \u00e0 titre exceptionnel. Nous mettons<\/p>\n","protected":false},"author":1,"featured_media":105,"comment_status":"open","ping_status":"open","sticky":false,"template":"","format":"standard","meta":{"colormag_page_container_layout":"default_layout","colormag_page_sidebar_layout":"default_layout","footnotes":""},"categories":[4],"tags":[],"class_list":["post-215","post","type-post","status-publish","format-standard","has-post-thumbnail","hentry","category-infos-mairie"],"_links":{"self":[{"href":"https:\/\/jarnac-champagne.fr\/index.php\/wp-json\/wp\/v2\/posts\/215","targetHints":{"allow":["GET"]}}],"collection":[{"href":"https:\/\/jarnac-champagne.fr\/index.php\/wp-json\/wp\/v2\/posts"}],"about":[{"href":"https:\/\/jarnac-champagne.fr\/index.php\/wp-json\/wp\/v2\/types\/post"}],"author":[{"embeddable":true,"href":"https:\/\/jarnac-champagne.fr\/index.php\/wp-json\/wp\/v2\/users\/1"}],"replies":[{"embeddable":true,"href":"https:\/\/jarnac-champagne.fr\/index.php\/wp-json\/wp\/v2\/comments?post=215"}],"version-history":[{"count":3,"href":"https:\/\/jarnac-champagne.fr\/index.php\/wp-json\/wp\/v2\/posts\/215\/revisions"}],"predecessor-version":[{"id":220,"href":"https:\/\/jarnac-champagne.fr\/index.php\/wp-json\/wp\/v2\/posts\/215\/revisions\/220"}],"wp:featuredmedia":[{"embeddable":true,"href":"https:\/\/jarnac-champagne.fr\/index.php\/wp-json\/wp\/v2\/media\/105"}],"wp:attachment":[{"href":"https:\/\/jarnac-champagne.fr\/index.php\/wp-json\/wp\/v2\/media?parent=215"}],"wp:term":[{"taxonomy":"category","embeddable":true,"href":"https:\/\/jarnac-champagne.fr\/index.php\/wp-json\/wp\/v2\/categories?post=215"},{"taxonomy":"post_tag","embeddable":true,"href":"https:\/\/jarnac-champagne.fr\/index.php\/wp-json\/wp\/v2\/tags?post=215"}],"curies":[{"name":"wp","href":"https:\/\/api.w.org\/{rel}","templated":true}]}}