{"id":2179,"date":"2021-08-02T23:05:17","date_gmt":"2021-08-02T21:05:17","guid":{"rendered":"https:\/\/jarnac-champagne.fr\/\/\/?p=2179"},"modified":"2021-08-02T23:05:18","modified_gmt":"2021-08-02T21:05:18","slug":"depot-de-pain","status":"publish","type":"post","link":"https:\/\/jarnac-champagne.fr\/index.php\/2021\/08\/02\/depot-de-pain\/","title":{"rendered":"D\u00e9p\u00f4t de pain"},"content":{"rendered":"\n<p>En raison de la fermeture de l&rsquo;\u00e9picerie pour cong\u00e9s, le d\u00e9p\u00f4t de pain sera assur\u00e9 tous les jours (sauf le lundi) au restaurant \u00ab\u00a0Le Coude \u00e0 Coude\u00a0\u00bb.<\/p>\n\n\n\n<h1 class=\"has-text-align-center wp-block-heading\"><strong><span class=\"has-inline-color has-vivid-purple-color\">Du JEUDI 05 AOUT au LUNDI 23 AOUT<\/span><\/strong><\/h1>\n\n\n\n<p class=\"has-text-align-center\">Merci \u00e0 nos commer\u00e7ants pour leur entente afin de vous satisfaire au mieux.<\/p>\n","protected":false},"excerpt":{"rendered":"<p>En raison de la fermeture de l&rsquo;\u00e9picerie pour cong\u00e9s, le d\u00e9p\u00f4t de pain sera assur\u00e9 tous les jours (sauf le<\/p>\n","protected":false},"author":1,"featured_media":1120,"comment_status":"open","ping_status":"open","sticky":false,"template":"","format":"standard","meta":{"colormag_page_container_layout":"default_layout","colormag_page_sidebar_layout":"default_layout","footnotes":""},"categories":[19],"tags":[],"class_list":["post-2179","post","type-post","status-publish","format-standard","has-post-thumbnail","hentry","category-commerces"],"_links":{"self":[{"href":"https:\/\/jarnac-champagne.fr\/index.php\/wp-json\/wp\/v2\/posts\/2179","targetHints":{"allow":["GET"]}}],"collection":[{"href":"https:\/\/jarnac-champagne.fr\/index.php\/wp-json\/wp\/v2\/posts"}],"about":[{"href":"https:\/\/jarnac-champagne.fr\/index.php\/wp-json\/wp\/v2\/types\/post"}],"author":[{"embeddable":true,"href":"https:\/\/jarnac-champagne.fr\/index.php\/wp-json\/wp\/v2\/users\/1"}],"replies":[{"embeddable":true,"href":"https:\/\/jarnac-champagne.fr\/index.php\/wp-json\/wp\/v2\/comments?post=2179"}],"version-history":[{"count":1,"href":"https:\/\/jarnac-champagne.fr\/index.php\/wp-json\/wp\/v2\/posts\/2179\/revisions"}],"predecessor-version":[{"id":2180,"href":"https:\/\/jarnac-champagne.fr\/index.php\/wp-json\/wp\/v2\/posts\/2179\/revisions\/2180"}],"wp:featuredmedia":[{"embeddable":true,"href":"https:\/\/jarnac-champagne.fr\/index.php\/wp-json\/wp\/v2\/media\/1120"}],"wp:attachment":[{"href":"https:\/\/jarnac-champagne.fr\/index.php\/wp-json\/wp\/v2\/media?parent=2179"}],"wp:term":[{"taxonomy":"category","embeddable":true,"href":"https:\/\/jarnac-champagne.fr\/index.php\/wp-json\/wp\/v2\/categories?post=2179"},{"taxonomy":"post_tag","embeddable":true,"href":"https:\/\/jarnac-champagne.fr\/index.php\/wp-json\/wp\/v2\/tags?post=2179"}],"curies":[{"name":"wp","href":"https:\/\/api.w.org\/{rel}","templated":true}]}}