{"id":2257,"date":"2023-08-22T10:25:29","date_gmt":"2023-08-22T08:25:29","guid":{"rendered":"https:\/\/jarnac-champagne.fr\/\/\/?p=2257"},"modified":"2023-08-22T10:25:30","modified_gmt":"2023-08-22T08:25:30","slug":"offre-de-service-civique-ecole-de-celles","status":"publish","type":"post","link":"https:\/\/jarnac-champagne.fr\/index.php\/2023\/08\/22\/offre-de-service-civique-ecole-de-celles\/","title":{"rendered":"Offre de service civique &#8211; \u00e9cole de Jarnac-Champagne"},"content":{"rendered":"\n<p>L&rsquo;\u00e9cole de Jarnac-Champagne recherche un service civique pour l&rsquo;ann\u00e9e scolaire 2023\/2024<br><\/p>\n\n\n\n<p><strong><mark style=\"background-color:rgba(0, 0, 0, 0)\" class=\"has-inline-color has-vivid-green-cyan-color\">Mission : Contribuer aux activit\u00e9s \u00e9ducatives, p\u00e9dagogiques et citoyennes de l&rsquo;\u00e9cole primaire.<\/mark><\/strong><br><\/p>\n\n\n\n<p>Si cette mission vous int\u00e9resse, vous pouvez d\u00e9poser votre candidature \u00e0\u00a0 l&rsquo;adresse suivante : <a rel=\"noreferrer noopener\" href=\"mailto:e-jarnac-champagne@ac-poitiers.fr\" target=\"_blank\">e-jarnac-champagne@ac-poitiers.fr<\/a><\/p>\n","protected":false},"excerpt":{"rendered":"<p>L&rsquo;\u00e9cole de Jarnac-Champagne recherche un service civique pour l&rsquo;ann\u00e9e scolaire 2023\/2024 Mission : Contribuer aux activit\u00e9s \u00e9ducatives, p\u00e9dagogiques et citoyennes<\/p>\n","protected":false},"author":1,"featured_media":103,"comment_status":"open","ping_status":"open","sticky":false,"template":"","format":"standard","meta":{"colormag_page_container_layout":"default_layout","colormag_page_sidebar_layout":"default_layout","footnotes":""},"categories":[5],"tags":[],"class_list":["post-2257","post","type-post","status-publish","format-standard","has-post-thumbnail","hentry","category-infos-ecole"],"_links":{"self":[{"href":"https:\/\/jarnac-champagne.fr\/index.php\/wp-json\/wp\/v2\/posts\/2257","targetHints":{"allow":["GET"]}}],"collection":[{"href":"https:\/\/jarnac-champagne.fr\/index.php\/wp-json\/wp\/v2\/posts"}],"about":[{"href":"https:\/\/jarnac-champagne.fr\/index.php\/wp-json\/wp\/v2\/types\/post"}],"author":[{"embeddable":true,"href":"https:\/\/jarnac-champagne.fr\/index.php\/wp-json\/wp\/v2\/users\/1"}],"replies":[{"embeddable":true,"href":"https:\/\/jarnac-champagne.fr\/index.php\/wp-json\/wp\/v2\/comments?post=2257"}],"version-history":[{"count":2,"href":"https:\/\/jarnac-champagne.fr\/index.php\/wp-json\/wp\/v2\/posts\/2257\/revisions"}],"predecessor-version":[{"id":5064,"href":"https:\/\/jarnac-champagne.fr\/index.php\/wp-json\/wp\/v2\/posts\/2257\/revisions\/5064"}],"wp:featuredmedia":[{"embeddable":true,"href":"https:\/\/jarnac-champagne.fr\/index.php\/wp-json\/wp\/v2\/media\/103"}],"wp:attachment":[{"href":"https:\/\/jarnac-champagne.fr\/index.php\/wp-json\/wp\/v2\/media?parent=2257"}],"wp:term":[{"taxonomy":"category","embeddable":true,"href":"https:\/\/jarnac-champagne.fr\/index.php\/wp-json\/wp\/v2\/categories?post=2257"},{"taxonomy":"post_tag","embeddable":true,"href":"https:\/\/jarnac-champagne.fr\/index.php\/wp-json\/wp\/v2\/tags?post=2257"}],"curies":[{"name":"wp","href":"https:\/\/api.w.org\/{rel}","templated":true}]}}