{"id":2290,"date":"2021-08-30T10:05:09","date_gmt":"2021-08-30T08:05:09","guid":{"rendered":"https:\/\/jarnac-champagne.fr\/\/\/?p=2290"},"modified":"2021-08-30T10:05:10","modified_gmt":"2021-08-30T08:05:10","slug":"menus-du-jeudi-02-septembre-au-vendredi-22-octobre-2021","status":"publish","type":"post","link":"https:\/\/jarnac-champagne.fr\/index.php\/2021\/08\/30\/menus-du-jeudi-02-septembre-au-vendredi-22-octobre-2021\/","title":{"rendered":"Menus du jeudi 02 septembre au vendredi 22 octobre 2021"},"content":{"rendered":"\n<p>Voici les menus du chef Yoan pour cette nouvelle ann\u00e9e scolaire qui va d\u00e9buter d\u00e8s jeudi 02 septembre. Le SIVOS et tout le personnel souhaitent une bonne rentr\u00e9e et une excellente ann\u00e9e scolaire \u00e0 tous les \u00e9l\u00e8ves et leurs enseignants.<\/p>\n\n\n<a href=\"https:\/\/jarnac-champagne.fr\/\/\/wp-content\/uploads\/2021\/08\/Menus_du02SEPTEMBREI_au_22OCTOBRE.pdf\" class=\"pdfemb-viewer\" style=\"\" data-width=\"max\" data-height=\"max\" data-toolbar=\"bottom\" data-toolbar-fixed=\"off\">Menus_du02SEPTEMBREI_au_22OCTOBRE<\/a>\n<p class=\"wp-block-pdfemb-pdf-embedder-viewer\"><\/p>\n","protected":false},"excerpt":{"rendered":"<p>Voici les menus du chef Yoan pour cette nouvelle ann\u00e9e scolaire qui va d\u00e9buter d\u00e8s jeudi 02 septembre. Le SIVOS<\/p>\n","protected":false},"author":1,"featured_media":103,"comment_status":"open","ping_status":"open","sticky":false,"template":"","format":"standard","meta":{"colormag_page_container_layout":"default_layout","colormag_page_sidebar_layout":"default_layout","footnotes":""},"categories":[5],"tags":[],"class_list":["post-2290","post","type-post","status-publish","format-standard","has-post-thumbnail","hentry","category-infos-ecole"],"_links":{"self":[{"href":"https:\/\/jarnac-champagne.fr\/index.php\/wp-json\/wp\/v2\/posts\/2290","targetHints":{"allow":["GET"]}}],"collection":[{"href":"https:\/\/jarnac-champagne.fr\/index.php\/wp-json\/wp\/v2\/posts"}],"about":[{"href":"https:\/\/jarnac-champagne.fr\/index.php\/wp-json\/wp\/v2\/types\/post"}],"author":[{"embeddable":true,"href":"https:\/\/jarnac-champagne.fr\/index.php\/wp-json\/wp\/v2\/users\/1"}],"replies":[{"embeddable":true,"href":"https:\/\/jarnac-champagne.fr\/index.php\/wp-json\/wp\/v2\/comments?post=2290"}],"version-history":[{"count":1,"href":"https:\/\/jarnac-champagne.fr\/index.php\/wp-json\/wp\/v2\/posts\/2290\/revisions"}],"predecessor-version":[{"id":2292,"href":"https:\/\/jarnac-champagne.fr\/index.php\/wp-json\/wp\/v2\/posts\/2290\/revisions\/2292"}],"wp:featuredmedia":[{"embeddable":true,"href":"https:\/\/jarnac-champagne.fr\/index.php\/wp-json\/wp\/v2\/media\/103"}],"wp:attachment":[{"href":"https:\/\/jarnac-champagne.fr\/index.php\/wp-json\/wp\/v2\/media?parent=2290"}],"wp:term":[{"taxonomy":"category","embeddable":true,"href":"https:\/\/jarnac-champagne.fr\/index.php\/wp-json\/wp\/v2\/categories?post=2290"},{"taxonomy":"post_tag","embeddable":true,"href":"https:\/\/jarnac-champagne.fr\/index.php\/wp-json\/wp\/v2\/tags?post=2290"}],"curies":[{"name":"wp","href":"https:\/\/api.w.org\/{rel}","templated":true}]}}