{"id":2293,"date":"2021-08-30T10:19:28","date_gmt":"2021-08-30T08:19:28","guid":{"rendered":"https:\/\/jarnac-champagne.fr\/\/\/?p=2293"},"modified":"2021-10-04T21:56:31","modified_gmt":"2021-10-04T19:56:31","slug":"2293","status":"publish","type":"post","link":"https:\/\/jarnac-champagne.fr\/index.php\/2021\/08\/30\/2293\/","title":{"rendered":"La rentr\u00e9e de la biblioth\u00e8que"},"content":{"rendered":"\n<p class=\"has-text-align-left\">\u200cCh\u00e8res lectrices, chers lecteurs,<br>&nbsp; \u200c<br>C&rsquo;est la rentr\u00e9e !&nbsp; Votre biblioth\u00e8que reprend son rythme&nbsp; de p\u00e9riode scolaire :<br><strong>Mercredi de 9h \u00e0 12h &#8211; 16h18h<br><br>Vendredi : 15h \u00e0 17h<br><br>Samedi : 10h \u00e012h<\/strong><br><br>Nous esp\u00e9rons vous accueillir prochainement, munis de votre <strong>pass sanitaire et du masque pour respecter les normes actuelles de pr\u00e9caution.<\/strong><br><br>Dans cette attente,<br><br>Bien cordialement.<br><br>LES AMIS DU LIVRE<\/p>\n","protected":false},"excerpt":{"rendered":"<p>\u200cCh\u00e8res lectrices, chers lecteurs,&nbsp; \u200cC&rsquo;est la rentr\u00e9e !&nbsp; Votre biblioth\u00e8que reprend son rythme&nbsp; de p\u00e9riode scolaire :Mercredi de 9h \u00e0<\/p>\n","protected":false},"author":1,"featured_media":104,"comment_status":"open","ping_status":"open","sticky":false,"template":"","format":"standard","meta":{"colormag_page_container_layout":"default_layout","colormag_page_sidebar_layout":"default_layout","footnotes":""},"categories":[3],"tags":[],"class_list":["post-2293","post","type-post","status-publish","format-standard","has-post-thumbnail","hentry","category-bibliotheque"],"_links":{"self":[{"href":"https:\/\/jarnac-champagne.fr\/index.php\/wp-json\/wp\/v2\/posts\/2293","targetHints":{"allow":["GET"]}}],"collection":[{"href":"https:\/\/jarnac-champagne.fr\/index.php\/wp-json\/wp\/v2\/posts"}],"about":[{"href":"https:\/\/jarnac-champagne.fr\/index.php\/wp-json\/wp\/v2\/types\/post"}],"author":[{"embeddable":true,"href":"https:\/\/jarnac-champagne.fr\/index.php\/wp-json\/wp\/v2\/users\/1"}],"replies":[{"embeddable":true,"href":"https:\/\/jarnac-champagne.fr\/index.php\/wp-json\/wp\/v2\/comments?post=2293"}],"version-history":[{"count":2,"href":"https:\/\/jarnac-champagne.fr\/index.php\/wp-json\/wp\/v2\/posts\/2293\/revisions"}],"predecessor-version":[{"id":2432,"href":"https:\/\/jarnac-champagne.fr\/index.php\/wp-json\/wp\/v2\/posts\/2293\/revisions\/2432"}],"wp:featuredmedia":[{"embeddable":true,"href":"https:\/\/jarnac-champagne.fr\/index.php\/wp-json\/wp\/v2\/media\/104"}],"wp:attachment":[{"href":"https:\/\/jarnac-champagne.fr\/index.php\/wp-json\/wp\/v2\/media?parent=2293"}],"wp:term":[{"taxonomy":"category","embeddable":true,"href":"https:\/\/jarnac-champagne.fr\/index.php\/wp-json\/wp\/v2\/categories?post=2293"},{"taxonomy":"post_tag","embeddable":true,"href":"https:\/\/jarnac-champagne.fr\/index.php\/wp-json\/wp\/v2\/tags?post=2293"}],"curies":[{"name":"wp","href":"https:\/\/api.w.org\/{rel}","templated":true}]}}