{"id":2298,"date":"2021-08-31T19:23:48","date_gmt":"2021-08-31T17:23:48","guid":{"rendered":"https:\/\/jarnac-champagne.fr\/\/\/?p=2298"},"modified":"2021-08-31T19:23:49","modified_gmt":"2021-08-31T17:23:49","slug":"reunion-publique-assainissement-collectif","status":"publish","type":"post","link":"https:\/\/jarnac-champagne.fr\/index.php\/2021\/08\/31\/reunion-publique-assainissement-collectif\/","title":{"rendered":"R\u00e9union publique assainissement collectif"},"content":{"rendered":"\n<p>Dans cet article, vous pouvez consulter les foyers concern\u00e9s par l&rsquo;assainissement collectif et l&rsquo;invitation qui leur a \u00e9t\u00e9 transmise.<\/p>\n\n\n\n<p>ATTENTION ! La r\u00e9union a lieu dans la<strong> salle polyvalente<\/strong>, pour tous les participants, il sera n\u00e9cessaire de pr\u00e9senter le <strong>pass sanitaire<\/strong> qui sera contr\u00f4l\u00e9 \u00e0 l&rsquo;entr\u00e9e.<\/p>\n\n\n\n<p><strong>RAPPEL : En raison du contexte sanitaire actuel li\u00e9 au Covid 19, une seule personne par foyer, port du masque obligatoire.<\/strong><\/p>\n\n\n<a href=\"https:\/\/jarnac-champagne.fr\/\/\/wp-content\/uploads\/2021\/08\/Reunion_Publique_Assainissement.pdf\" class=\"pdfemb-viewer\" style=\"\" data-width=\"max\" data-height=\"max\" data-toolbar=\"bottom\" data-toolbar-fixed=\"off\">Reunion_Publique_Assainissement<\/a>\n<p class=\"wp-block-pdfemb-pdf-embedder-viewer\"><\/p>\n\n\n<a href=\"https:\/\/jarnac-champagne.fr\/\/\/wp-content\/uploads\/2021\/08\/JARNAC-CHAMPAGNE-Delimitation-des-foyers-a-inviter-a-la-reunion-Publique.pdf\" class=\"pdfemb-viewer\" style=\"\" data-width=\"max\" data-height=\"max\" data-toolbar=\"bottom\" data-toolbar-fixed=\"off\">JARNAC-CHAMPAGNE-Delimitation-des-foyers-a-inviter-a-la-reunion-Publique<\/a>\n<p class=\"wp-block-pdfemb-pdf-embedder-viewer\"><\/p>\n","protected":false},"excerpt":{"rendered":"<p>Dans cet article, vous pouvez consulter les foyers concern\u00e9s par l&rsquo;assainissement collectif et l&rsquo;invitation qui leur a \u00e9t\u00e9 transmise. ATTENTION<\/p>\n","protected":false},"author":1,"featured_media":105,"comment_status":"open","ping_status":"open","sticky":false,"template":"","format":"standard","meta":{"colormag_page_container_layout":"default_layout","colormag_page_sidebar_layout":"default_layout","footnotes":""},"categories":[4],"tags":[],"class_list":["post-2298","post","type-post","status-publish","format-standard","has-post-thumbnail","hentry","category-infos-mairie"],"_links":{"self":[{"href":"https:\/\/jarnac-champagne.fr\/index.php\/wp-json\/wp\/v2\/posts\/2298","targetHints":{"allow":["GET"]}}],"collection":[{"href":"https:\/\/jarnac-champagne.fr\/index.php\/wp-json\/wp\/v2\/posts"}],"about":[{"href":"https:\/\/jarnac-champagne.fr\/index.php\/wp-json\/wp\/v2\/types\/post"}],"author":[{"embeddable":true,"href":"https:\/\/jarnac-champagne.fr\/index.php\/wp-json\/wp\/v2\/users\/1"}],"replies":[{"embeddable":true,"href":"https:\/\/jarnac-champagne.fr\/index.php\/wp-json\/wp\/v2\/comments?post=2298"}],"version-history":[{"count":1,"href":"https:\/\/jarnac-champagne.fr\/index.php\/wp-json\/wp\/v2\/posts\/2298\/revisions"}],"predecessor-version":[{"id":2301,"href":"https:\/\/jarnac-champagne.fr\/index.php\/wp-json\/wp\/v2\/posts\/2298\/revisions\/2301"}],"wp:featuredmedia":[{"embeddable":true,"href":"https:\/\/jarnac-champagne.fr\/index.php\/wp-json\/wp\/v2\/media\/105"}],"wp:attachment":[{"href":"https:\/\/jarnac-champagne.fr\/index.php\/wp-json\/wp\/v2\/media?parent=2298"}],"wp:term":[{"taxonomy":"category","embeddable":true,"href":"https:\/\/jarnac-champagne.fr\/index.php\/wp-json\/wp\/v2\/categories?post=2298"},{"taxonomy":"post_tag","embeddable":true,"href":"https:\/\/jarnac-champagne.fr\/index.php\/wp-json\/wp\/v2\/tags?post=2298"}],"curies":[{"name":"wp","href":"https:\/\/api.w.org\/{rel}","templated":true}]}}