{"id":2302,"date":"2021-08-31T19:44:17","date_gmt":"2021-08-31T17:44:17","guid":{"rendered":"https:\/\/jarnac-champagne.fr\/\/\/?p=2302"},"modified":"2021-08-31T19:46:06","modified_gmt":"2021-08-31T17:46:06","slug":"football-horaires-jours-et-lieux-dentrainement","status":"publish","type":"post","link":"https:\/\/jarnac-champagne.fr\/index.php\/2021\/08\/31\/football-horaires-jours-et-lieux-dentrainement\/","title":{"rendered":"Football (ASCJM) : Horaires, jours et lieux d&rsquo;entra\u00eenement"},"content":{"rendered":"\n<p>Voici les  jours, lieux et horaires d&rsquo;entra\u00eenement pour la saison \u00e0 venir :<\/p>\n\n\n\n<p><strong><span class=\"has-inline-color has-vivid-red-color\">U6\/U7<\/span><\/strong> mercredi 18h15\/19h30 \u00e0 Jarnac avec Guillaume Lemercier<\/p>\n\n\n\n<p><strong><span class=\"has-inline-color has-luminous-vivid-orange-color\">U8\/U9<\/span><\/strong> mercredi 18h15\/19h30 \u00e0 Jarnac avec Willy Imenez<\/p>\n\n\n\n<p><strong><span class=\"has-inline-color has-pale-pink-color\">U10\/U11<\/span><\/strong> mercredi 18h15\/19h30 \u00e0 Chadenac avec Ludovic Vion et Joachim Boisson<\/p>\n\n\n\n<p><strong><span class=\"has-inline-color has-vivid-purple-color\">U12\/U13<\/span><\/strong> mercredi 18h30\/20h \u00e0 Marignac avec Dimitri GayU14\/U15 lundi \u00e0 Chadenac et mercredi \u00e0 R\u00e9aux 18h30\/20h avec Gaylord Menzato<\/p>\n\n\n\n<p><strong><span class=\"has-inline-color has-vivid-cyan-blue-color\">U16\/U17<\/span><\/strong> mardi \u00e0 Jarnac et jeudi \u00e0 R\u00e9aux 18h30\/20h avec St\u00e9phane Laubreton et Herv\u00e9 Renaud<\/p>\n\n\n\n<p><strong><span class=\"has-inline-color has-pale-cyan-blue-color\">S\u00e9niors<\/span><\/strong> mardi\/jeudi \u00e0 Jarnac 19h15\/21h avec Dorian Tesson et St\u00e9phane Sauvaitre Sp\u00e9cifiques gardiens<\/p>\n\n\n\n<p><strong><span class=\"has-inline-color has-vivid-green-cyan-color\">U15\/U17<\/span><\/strong> s\u00e9niors mardi \u00e0 Jarnac avec Herv\u00e9 Renaud<\/p>\n","protected":false},"excerpt":{"rendered":"<p>Voici les jours, lieux et horaires d&rsquo;entra\u00eenement pour la saison \u00e0 venir : U6\/U7 mercredi 18h15\/19h30 \u00e0 Jarnac avec Guillaume<\/p>\n","protected":false},"author":1,"featured_media":2303,"comment_status":"open","ping_status":"open","sticky":false,"template":"","format":"standard","meta":{"colormag_page_container_layout":"default_layout","colormag_page_sidebar_layout":"default_layout","footnotes":""},"categories":[20],"tags":[],"class_list":["post-2302","post","type-post","status-publish","format-standard","has-post-thumbnail","hentry","category-football-ascjm"],"_links":{"self":[{"href":"https:\/\/jarnac-champagne.fr\/index.php\/wp-json\/wp\/v2\/posts\/2302","targetHints":{"allow":["GET"]}}],"collection":[{"href":"https:\/\/jarnac-champagne.fr\/index.php\/wp-json\/wp\/v2\/posts"}],"about":[{"href":"https:\/\/jarnac-champagne.fr\/index.php\/wp-json\/wp\/v2\/types\/post"}],"author":[{"embeddable":true,"href":"https:\/\/jarnac-champagne.fr\/index.php\/wp-json\/wp\/v2\/users\/1"}],"replies":[{"embeddable":true,"href":"https:\/\/jarnac-champagne.fr\/index.php\/wp-json\/wp\/v2\/comments?post=2302"}],"version-history":[{"count":2,"href":"https:\/\/jarnac-champagne.fr\/index.php\/wp-json\/wp\/v2\/posts\/2302\/revisions"}],"predecessor-version":[{"id":2305,"href":"https:\/\/jarnac-champagne.fr\/index.php\/wp-json\/wp\/v2\/posts\/2302\/revisions\/2305"}],"wp:featuredmedia":[{"embeddable":true,"href":"https:\/\/jarnac-champagne.fr\/index.php\/wp-json\/wp\/v2\/media\/2303"}],"wp:attachment":[{"href":"https:\/\/jarnac-champagne.fr\/index.php\/wp-json\/wp\/v2\/media?parent=2302"}],"wp:term":[{"taxonomy":"category","embeddable":true,"href":"https:\/\/jarnac-champagne.fr\/index.php\/wp-json\/wp\/v2\/categories?post=2302"},{"taxonomy":"post_tag","embeddable":true,"href":"https:\/\/jarnac-champagne.fr\/index.php\/wp-json\/wp\/v2\/tags?post=2302"}],"curies":[{"name":"wp","href":"https:\/\/api.w.org\/{rel}","templated":true}]}}