{"id":2315,"date":"2021-09-05T22:51:07","date_gmt":"2021-09-05T20:51:07","guid":{"rendered":"https:\/\/jarnac-champagne.fr\/\/\/?p=2315"},"modified":"2021-09-05T22:51:08","modified_gmt":"2021-09-05T20:51:08","slug":"reprise-du-badminton-ajdb","status":"publish","type":"post","link":"https:\/\/jarnac-champagne.fr\/index.php\/2021\/09\/05\/reprise-du-badminton-ajdb\/","title":{"rendered":"Reprise du badminton (AJDB)"},"content":{"rendered":"\n<p>La reprise des s\u00e9ances de Badminton  a eu lieu le mercredi 1\/09\/2021.<\/p>\n\n\n\n<p>Venez nous rejoindre <strong><span class=\"has-inline-color has-vivid-green-cyan-color\">tous les mercredis de 19h \u00e0 21h \u00e0 la salle polyvalente.<\/span><\/strong><\/p>\n\n\n\n<p>2 s\u00e9ances de d\u00e9couverte sont gratuites.<\/p>\n\n\n\n<p><br>La <strong><span class=\"has-inline-color has-vivid-red-color\">cotisation annuelle<\/span><\/strong> est de <strong><span class=\"has-inline-color has-vivid-red-color\">25\u20ac.<\/span><\/strong><\/p>\n\n\n\n<p><strong><span class=\"has-inline-color has-luminous-vivid-orange-color\">Le pr\u00eat de raquettes est possible et les volants sont \u00e0 disposition.<\/span><\/strong><\/p>\n\n\n\n<p>N&rsquo;h\u00e9sitez plus et \u00e0 tr\u00e8s bient\u00f4t ! <\/p>\n\n\n\n<figure class=\"wp-block-image\"><img decoding=\"async\" src=\"https:\/\/ssl.gstatic.com\/ui\/v1\/icons\/mail\/images\/cleardot.gif\" alt=\"\"\/><\/figure>\n","protected":false},"excerpt":{"rendered":"<p>La reprise des s\u00e9ances de Badminton a eu lieu le mercredi 1\/09\/2021. Venez nous rejoindre tous les mercredis de 19h<\/p>\n","protected":false},"author":1,"featured_media":815,"comment_status":"open","ping_status":"open","sticky":false,"template":"","format":"standard","meta":{"colormag_page_container_layout":"default_layout","colormag_page_sidebar_layout":"default_layout","footnotes":""},"categories":[17],"tags":[],"class_list":["post-2315","post","type-post","status-publish","format-standard","has-post-thumbnail","hentry","category-badminton"],"_links":{"self":[{"href":"https:\/\/jarnac-champagne.fr\/index.php\/wp-json\/wp\/v2\/posts\/2315","targetHints":{"allow":["GET"]}}],"collection":[{"href":"https:\/\/jarnac-champagne.fr\/index.php\/wp-json\/wp\/v2\/posts"}],"about":[{"href":"https:\/\/jarnac-champagne.fr\/index.php\/wp-json\/wp\/v2\/types\/post"}],"author":[{"embeddable":true,"href":"https:\/\/jarnac-champagne.fr\/index.php\/wp-json\/wp\/v2\/users\/1"}],"replies":[{"embeddable":true,"href":"https:\/\/jarnac-champagne.fr\/index.php\/wp-json\/wp\/v2\/comments?post=2315"}],"version-history":[{"count":1,"href":"https:\/\/jarnac-champagne.fr\/index.php\/wp-json\/wp\/v2\/posts\/2315\/revisions"}],"predecessor-version":[{"id":2316,"href":"https:\/\/jarnac-champagne.fr\/index.php\/wp-json\/wp\/v2\/posts\/2315\/revisions\/2316"}],"wp:featuredmedia":[{"embeddable":true,"href":"https:\/\/jarnac-champagne.fr\/index.php\/wp-json\/wp\/v2\/media\/815"}],"wp:attachment":[{"href":"https:\/\/jarnac-champagne.fr\/index.php\/wp-json\/wp\/v2\/media?parent=2315"}],"wp:term":[{"taxonomy":"category","embeddable":true,"href":"https:\/\/jarnac-champagne.fr\/index.php\/wp-json\/wp\/v2\/categories?post=2315"},{"taxonomy":"post_tag","embeddable":true,"href":"https:\/\/jarnac-champagne.fr\/index.php\/wp-json\/wp\/v2\/tags?post=2315"}],"curies":[{"name":"wp","href":"https:\/\/api.w.org\/{rel}","templated":true}]}}