{"id":2338,"date":"2021-09-16T13:47:32","date_gmt":"2021-09-16T11:47:32","guid":{"rendered":"https:\/\/jarnac-champagne.fr\/\/\/?p=2338"},"modified":"2021-09-16T13:47:33","modified_gmt":"2021-09-16T11:47:33","slug":"chorale-le-choeur-des-vignes","status":"publish","type":"post","link":"https:\/\/jarnac-champagne.fr\/index.php\/2021\/09\/16\/chorale-le-choeur-des-vignes\/","title":{"rendered":"Chorale \u00ab\u00a0Le Choeur des Vignes\u00a0\u00bb"},"content":{"rendered":"\n<p><span class=\"has-inline-color has-vivid-green-cyan-color\">La<strong> chorale \u00ab\u00a0Le Choeur des Vignes<\/strong><\/span><strong>\u00a0\u00bb <\/strong>a le plaisir de reprendre ses r\u00e9p\u00e9titions <span class=\"has-inline-color has-luminous-vivid-amber-color\"><strong>\u00e0 partir du\u00a0 jeudi 23 septembre 2021<\/strong> \u00e0 <strong>20h30h , maison des associations \u00e0 Jarnac-Champagne<\/strong><\/span> et esp\u00e8re vous y accueillir, m\u00eame si vous n&rsquo;avez jamais chant\u00e9.\u00a0 Il s&rsquo;agit de chant choral \u00e0 cappella \u00e0 trois voix mixtes, et\u00a0 il n&rsquo;est pas indispensable de savoir d\u00e9chiffrer une partition.<br><br><strong><span class=\"has-inline-color has-luminous-vivid-orange-color\">N&rsquo;oubliez pas votre pass sanitaire, indispensable pour respecter les normes en vigueur que nous nous sommes engag\u00e9s \u00e0 respecter.<\/span><\/strong> <\/p>\n\n\n\n<p>A bient\u00f4t.<\/p>\n\n\n\n<p><br>Les activit\u00e9s associatives peuvent \u00eatre organis\u00e9es dans les salles municipales (ERP de type L). En l&rsquo;\u00e9tat actuel de la r\u00e9glementation (article 47-1 du d\u00e9cret du 1er juin modifi\u00e9), le pass sanitaire est obligatoire pour les personnes majeurs pratiquant des activit\u00e9 festives, ludiques, culturelles ou sportives organis\u00e9es dans ces ERP. Le pass est aussi bien applicable aux \u00ab\u00a0b\u00e9n\u00e9ficiaire\u00a0\u00bb de l&rsquo;activit\u00e9 , que l&rsquo;organisateur\/professeur (depuis le 30 ao\u00fbt). A compter du 30 septembre, le pass sanitaire s&rsquo;appliquera \u00e9galement aux mineurs de plus de 12 ans.<\/p>\n","protected":false},"excerpt":{"rendered":"<p>La chorale \u00ab\u00a0Le Choeur des Vignes\u00a0\u00bb a le plaisir de reprendre ses r\u00e9p\u00e9titions \u00e0 partir du\u00a0 jeudi 23 septembre 2021<\/p>\n","protected":false},"author":1,"featured_media":650,"comment_status":"open","ping_status":"open","sticky":false,"template":"","format":"standard","meta":{"colormag_page_container_layout":"default_layout","colormag_page_sidebar_layout":"default_layout","footnotes":""},"categories":[13],"tags":[],"class_list":["post-2338","post","type-post","status-publish","format-standard","has-post-thumbnail","hentry","category-chorale"],"_links":{"self":[{"href":"https:\/\/jarnac-champagne.fr\/index.php\/wp-json\/wp\/v2\/posts\/2338","targetHints":{"allow":["GET"]}}],"collection":[{"href":"https:\/\/jarnac-champagne.fr\/index.php\/wp-json\/wp\/v2\/posts"}],"about":[{"href":"https:\/\/jarnac-champagne.fr\/index.php\/wp-json\/wp\/v2\/types\/post"}],"author":[{"embeddable":true,"href":"https:\/\/jarnac-champagne.fr\/index.php\/wp-json\/wp\/v2\/users\/1"}],"replies":[{"embeddable":true,"href":"https:\/\/jarnac-champagne.fr\/index.php\/wp-json\/wp\/v2\/comments?post=2338"}],"version-history":[{"count":1,"href":"https:\/\/jarnac-champagne.fr\/index.php\/wp-json\/wp\/v2\/posts\/2338\/revisions"}],"predecessor-version":[{"id":2339,"href":"https:\/\/jarnac-champagne.fr\/index.php\/wp-json\/wp\/v2\/posts\/2338\/revisions\/2339"}],"wp:featuredmedia":[{"embeddable":true,"href":"https:\/\/jarnac-champagne.fr\/index.php\/wp-json\/wp\/v2\/media\/650"}],"wp:attachment":[{"href":"https:\/\/jarnac-champagne.fr\/index.php\/wp-json\/wp\/v2\/media?parent=2338"}],"wp:term":[{"taxonomy":"category","embeddable":true,"href":"https:\/\/jarnac-champagne.fr\/index.php\/wp-json\/wp\/v2\/categories?post=2338"},{"taxonomy":"post_tag","embeddable":true,"href":"https:\/\/jarnac-champagne.fr\/index.php\/wp-json\/wp\/v2\/tags?post=2338"}],"curies":[{"name":"wp","href":"https:\/\/api.w.org\/{rel}","templated":true}]}}