{"id":2345,"date":"2021-09-21T08:28:53","date_gmt":"2021-09-21T06:28:53","guid":{"rendered":"https:\/\/jarnac-champagne.fr\/\/\/?p=2345"},"modified":"2021-10-04T21:55:51","modified_gmt":"2021-10-04T19:55:51","slug":"2345","status":"publish","type":"post","link":"https:\/\/jarnac-champagne.fr\/index.php\/2021\/09\/21\/2345\/","title":{"rendered":"F\u00eate des vendanges"},"content":{"rendered":"\n<p>La Maison de la Vigne et des Saveurs est en pleine pr\u00e9paration de la F\u00eate des Vendanges, qui se d\u00e9roulera cette ann\u00e9e le <strong><span class=\"has-inline-color has-luminous-vivid-orange-color\">dimanche 3 octobre, de 10h00 \u00e0 18h00.<\/span><\/strong><\/p>\n\n\n\n<p><strong>Le Pass sanitaire sera exig\u00e9 \u00e0 partir de 12 ans sur tout le site, tout comme le port du masque.<\/strong><\/p>\n\n\n\n<div class=\"wp-block-image\"><figure class=\"aligncenter size-large\"><img decoding=\"async\" src=\"https:\/\/jarnac-champagne.fr\/\/\/wp-content\/uploads\/2021\/09\/Affiche-A4-724x1024.jpg\" alt=\"\" class=\"wp-image-2346\"\/><\/figure><\/div>\n\n\n\n<div class=\"wp-block-image\"><figure class=\"aligncenter size-large\"><img loading=\"lazy\" decoding=\"async\" width=\"724\" height=\"1024\" src=\"https:\/\/jarnac-champagne.fr\/\/\/wp-content\/uploads\/2021\/09\/Affiche-A42-724x1024.jpg\" alt=\"\" class=\"wp-image-2348\" srcset=\"https:\/\/jarnac-champagne.fr\/wp-content\/uploads\/2021\/09\/Affiche-A42-724x1024.jpg 724w, https:\/\/jarnac-champagne.fr\/wp-content\/uploads\/2021\/09\/Affiche-A42-212x300.jpg 212w, https:\/\/jarnac-champagne.fr\/wp-content\/uploads\/2021\/09\/Affiche-A42-768x1086.jpg 768w, https:\/\/jarnac-champagne.fr\/wp-content\/uploads\/2021\/09\/Affiche-A42-1086x1536.jpg 1086w, https:\/\/jarnac-champagne.fr\/wp-content\/uploads\/2021\/09\/Affiche-A42-1448x2048.jpg 1448w, https:\/\/jarnac-champagne.fr\/wp-content\/uploads\/2021\/09\/Affiche-A42-scaled.jpg 1810w\" sizes=\"auto, (max-width: 724px) 100vw, 724px\" \/><\/figure><\/div>\n","protected":false},"excerpt":{"rendered":"<p>La Maison de la Vigne et des Saveurs est en pleine pr\u00e9paration de la F\u00eate des Vendanges, qui se d\u00e9roulera<\/p>\n","protected":false},"author":1,"featured_media":365,"comment_status":"open","ping_status":"open","sticky":false,"template":"","format":"standard","meta":{"colormag_page_container_layout":"default_layout","colormag_page_sidebar_layout":"default_layout","footnotes":""},"categories":[9],"tags":[],"class_list":["post-2345","post","type-post","status-publish","format-standard","has-post-thumbnail","hentry","category-informations-diverses"],"_links":{"self":[{"href":"https:\/\/jarnac-champagne.fr\/index.php\/wp-json\/wp\/v2\/posts\/2345","targetHints":{"allow":["GET"]}}],"collection":[{"href":"https:\/\/jarnac-champagne.fr\/index.php\/wp-json\/wp\/v2\/posts"}],"about":[{"href":"https:\/\/jarnac-champagne.fr\/index.php\/wp-json\/wp\/v2\/types\/post"}],"author":[{"embeddable":true,"href":"https:\/\/jarnac-champagne.fr\/index.php\/wp-json\/wp\/v2\/users\/1"}],"replies":[{"embeddable":true,"href":"https:\/\/jarnac-champagne.fr\/index.php\/wp-json\/wp\/v2\/comments?post=2345"}],"version-history":[{"count":2,"href":"https:\/\/jarnac-champagne.fr\/index.php\/wp-json\/wp\/v2\/posts\/2345\/revisions"}],"predecessor-version":[{"id":2431,"href":"https:\/\/jarnac-champagne.fr\/index.php\/wp-json\/wp\/v2\/posts\/2345\/revisions\/2431"}],"wp:featuredmedia":[{"embeddable":true,"href":"https:\/\/jarnac-champagne.fr\/index.php\/wp-json\/wp\/v2\/media\/365"}],"wp:attachment":[{"href":"https:\/\/jarnac-champagne.fr\/index.php\/wp-json\/wp\/v2\/media?parent=2345"}],"wp:term":[{"taxonomy":"category","embeddable":true,"href":"https:\/\/jarnac-champagne.fr\/index.php\/wp-json\/wp\/v2\/categories?post=2345"},{"taxonomy":"post_tag","embeddable":true,"href":"https:\/\/jarnac-champagne.fr\/index.php\/wp-json\/wp\/v2\/tags?post=2345"}],"curies":[{"name":"wp","href":"https:\/\/api.w.org\/{rel}","templated":true}]}}